{"id":166362,"date":"2020-04-29T06:03:03","date_gmt":"2020-04-29T09:03:03","guid":{"rendered":"https:\/\/www.caririemacao.com\/1\/?p=166362"},"modified":"2020-04-29T06:04:51","modified_gmt":"2020-04-29T09:04:51","slug":"paraiba-tem-aumento-na-taxa-de-ocupacao-de-leitos-de-uti-para-covid-19","status":"publish","type":"post","link":"https:\/\/www.caririemacao.com\/1\/2020\/04\/29\/paraiba-tem-aumento-na-taxa-de-ocupacao-de-leitos-de-uti-para-covid-19\/","title":{"rendered":"Para\u00edba tem aumento na taxa de ocupa\u00e7\u00e3o de leitos de UTI para covid-19"},"content":{"rendered":"\n<p>A Secretaria de Estado da Sa\u00fade (SES) divulgou, nesta ter\u00e7a-feira (28), o boletim epidemiol\u00f3gico&nbsp;semanal sobre o novo coronav\u00edrus (covid-19), que mostra um aumento na taxa de ocupa\u00e7\u00e3o dos leitos e nos casos registrados da doen\u00e7a no Estado.<\/p>\n\n\n\n<p> A Para\u00edba atingiu a marca de 50% dos leitos de UTI para adultos, ocupados por pacientes com a s\u00edndrome&nbsp;respirat\u00f3ria. J\u00e1 s\u00e3o 633 casos confirmados, o que significa 370 casos a mais do que o boletim anterior. Dos casos confirmados nesta ter\u00e7a-feira, o maior volume vem dos testes r\u00e1pidos na popula\u00e7\u00e3o do munic\u00edpio de Jo\u00e3o Pessoa com mais de 40 exames\/dia positivos.&nbsp;<\/p>\n\n\n\n<p><\/p>\n\n\n\n<p>De acordo com o secret\u00e1rio de Sa\u00fade do estado, Geraldo Medeiros, os n\u00fameros do boletim refletem a baixa ades\u00e3o ao isolamento social. \u201cEstamos na vig\u00eancia de um pico de incid\u00eancia de novos casos e de mortes no Estado, durante este restante de abril e todo o m\u00eas de maio, e esta celeridade da ocupa\u00e7\u00e3o dos leitos demonstra que n\u00e3o estamos tendo o isolamento domiciliar&nbsp;adequado e isso tem contribu\u00eddo para o aumento no n\u00famero de casos e at\u00e9 mesmo de mortes\u201d, explicou o secret\u00e1rio.&nbsp;<\/p>\n\n\n\n<p><\/p>\n\n\n\n<p>A Para\u00edba registra um total de 55 \u00f3bitos por covid-19.&nbsp;47% (26) eram maiores de 70 anos, com predomin\u00e2ncia do sexo masculino. O boletim aponta que os casos da covid-19 est\u00e3o distribu\u00eddos por 40 munic\u00edpios paraibanos. Dos casos confirmados, 50,2% (318) s\u00e3o do sexo feminino, e 49,8% (315) do sexo masculino.<\/p>\n\n\n\n<p>&nbsp;<\/p>\n\n\n\n<p>O Estado vem apoiando os munic\u00edpios e servi\u00e7os com a aquisi\u00e7\u00e3o e distribui\u00e7\u00e3o dos testes, principalmente&nbsp;dos munic\u00edpios da primeira regi\u00e3o de sa\u00fade, onde foi registrada uma&nbsp;maior concentra\u00e7\u00e3o de casos, s\u00e3o 521 positivados, divididos em Jo\u00e3o&nbsp;Pessoa&nbsp;(410); Campina Grande (42); Santa Rita (47); Cabedelo (22). Do total de casos confirmados, 53 est\u00e3o hospitalizados&nbsp;(nove em&nbsp; UTI&nbsp; e&nbsp; 44&nbsp; em&nbsp; isolamento),&nbsp; 149&nbsp; j\u00e1&nbsp; se recuperaram da covid-19 e 376 seguem em isolamento domiciliar.<\/p>\n\n\n\n<p><\/p>\n\n\n\n<p>De acordo com o secret\u00e1rio executivo de sa\u00fade, Daniel Beltrammi, nos \u00faltimos sete dias, a ocupa\u00e7\u00e3o dos leitos de UTI de adultos j\u00e1 ativados pelo plano de conting\u00eancia estadual passou de 16% para 58%, um crescimento de 3,6 vezes, em intervalo de tempo relativamente curto. \u201cNeste mesmo per\u00edodo, as interna\u00e7\u00f5es em leitos de UTI j\u00e1 ativados pelo plano de conting\u00eancia variaram de 3 para 5 interna\u00e7\u00f5es ao dia, o que&nbsp;representa um crescimento de 167% em apenas sete dias\u201d, ressalta. A Para\u00edba conta com 151 leitos de UTI ativados para esta fase do plano de conting\u00eancia do novo coronav\u00edrus.<\/p>\n","protected":false},"excerpt":{"rendered":"<p>A Secretaria de Estado da Sa\u00fade (SES) divulgou, nesta ter\u00e7a-feira (28), o boletim epidemiol\u00f3gico&nbsp;semanal sobre o novo coronav\u00edrus (covid-19), que mostra um aumento na taxa&hellip; <\/p>\n","protected":false},"author":2,"featured_media":164533,"comment_status":"closed","ping_status":"closed","sticky":false,"template":"","format":"standard","meta":{"sfsi_plus_gutenberg_text_before_share":"","sfsi_plus_gutenberg_show_text_before_share":"","sfsi_plus_gutenberg_icon_type":"","sfsi_plus_gutenberg_icon_alignemt":"","sfsi_plus_gutenburg_max_per_row":"","footnotes":""},"categories":[50,16],"tags":[],"class_list":["post-166362","post","type-post","status-publish","format-standard","has-post-thumbnail","hentry","category-destaque","category-saude"],"_links":{"self":[{"href":"https:\/\/www.caririemacao.com\/1\/wp-json\/wp\/v2\/posts\/166362","targetHints":{"allow":["GET"]}}],"collection":[{"href":"https:\/\/www.caririemacao.com\/1\/wp-json\/wp\/v2\/posts"}],"about":[{"href":"https:\/\/www.caririemacao.com\/1\/wp-json\/wp\/v2\/types\/post"}],"author":[{"embeddable":true,"href":"https:\/\/www.caririemacao.com\/1\/wp-json\/wp\/v2\/users\/2"}],"replies":[{"embeddable":true,"href":"https:\/\/www.caririemacao.com\/1\/wp-json\/wp\/v2\/comments?post=166362"}],"version-history":[{"count":2,"href":"https:\/\/www.caririemacao.com\/1\/wp-json\/wp\/v2\/posts\/166362\/revisions"}],"predecessor-version":[{"id":166366,"href":"https:\/\/www.caririemacao.com\/1\/wp-json\/wp\/v2\/posts\/166362\/revisions\/166366"}],"wp:featuredmedia":[{"embeddable":true,"href":"https:\/\/www.caririemacao.com\/1\/wp-json\/wp\/v2\/media\/164533"}],"wp:attachment":[{"href":"https:\/\/www.caririemacao.com\/1\/wp-json\/wp\/v2\/media?parent=166362"}],"wp:term":[{"taxonomy":"category","embeddable":true,"href":"https:\/\/www.caririemacao.com\/1\/wp-json\/wp\/v2\/categories?post=166362"},{"taxonomy":"post_tag","embeddable":true,"href":"https:\/\/www.caririemacao.com\/1\/wp-json\/wp\/v2\/tags?post=166362"}],"curies":[{"name":"wp","href":"https:\/\/api.w.org\/{rel}","templated":true}]}}