{"id":166368,"date":"2020-04-29T06:09:45","date_gmt":"2020-04-29T09:09:45","guid":{"rendered":"https:\/\/www.caririemacao.com\/1\/?p=166368"},"modified":"2020-04-29T06:09:45","modified_gmt":"2020-04-29T09:09:45","slug":"campina-grande-realiza-acao-contra-exploracao-sexual","status":"publish","type":"post","link":"https:\/\/www.caririemacao.com\/1\/2020\/04\/29\/campina-grande-realiza-acao-contra-exploracao-sexual\/","title":{"rendered":"Campina Grande realiza a\u00e7\u00e3o contra explora\u00e7\u00e3o sexual"},"content":{"rendered":"\n<p>Durante a manh\u00e3 dessa ter\u00e7a-feira (28), foi realizado uma a\u00e7\u00e3o alusiva ao 18 de Maio, \u201cDia Nacional de Enfrentamento a Viol\u00eancia Sexual contra Crian\u00e7a e Adolescente\u201d.<\/p>\n\n\n\n<p>A a\u00e7\u00e3o foi promovida pela Prefeitura campinense, por meio da Secretaria Municipal de Assist\u00eancia Social (Semas), Ger\u00eancia da Crian\u00e7a e do Adolescente, Conselho Municipal em Defesa da Crian\u00e7a e Adolescente e as Institui\u00e7\u00f5es que comp\u00f5em a Rede de Atendimento a Crian\u00e7a e Adolescente (Redeca).<\/p>\n\n\n\n<p>O Pit Stop ocorreu em um dos principais sem\u00e1foros da cidade, localizado na Pra\u00e7a da Bandeira, centro.<\/p>\n\n\n\n<p>As equipes t\u00e9cnicas do Centro de Refer\u00eancia Especializado, Programa Ruanda, PETI e Centro Dia, al\u00e9m das secretarias Municipal da educa\u00e7\u00e3o e de sa\u00fade, alertaram a sociedade sobre os crimes desta natureza.<\/p>\n\n\n\n<p>Foram entregues sacolas automotivas personalizadas com o tema da a\u00e7\u00e3o.<\/p>\n\n\n\n<div class=\"wp-block-image\"><figure class=\"aligncenter\"><img decoding=\"async\" data-src=\"https:\/\/www.helenolima.com\/wp-content\/uploads\/2020\/04\/c-24-300x225.jpg\" alt=\"\" class=\"wp-image-8589 lazyload\" src=\"data:image\/svg+xml;base64,PHN2ZyB3aWR0aD0iMSIgaGVpZ2h0PSIxIiB4bWxucz0iaHR0cDovL3d3dy53My5vcmcvMjAwMC9zdmciPjwvc3ZnPg==\" style=\"--smush-placeholder-width: 300px; --smush-placeholder-aspect-ratio: 300\/225;\" \/><\/figure><\/div>\n\n\n\n<p>Segundo Magliana Leite, gerente da Crian\u00e7a e do Adolescente, o movimento em defesa dos direitos da crian\u00e7a e do adolescente, ap\u00f3s a mobiliza\u00e7\u00e3o, conquistou aprova\u00e7\u00e3o da Lei Federal 9.970\/2000, que instituiu o 18 de Maio como o Dia Nacional de Combate ao Abuso e a Explora\u00e7\u00e3o Sexual, contra a Crian\u00e7a e o Adolescente.<\/p>\n\n\n\n<p>\u201cA\u00e7\u00f5es como esse Pit Stop alertam e convocam a popula\u00e7\u00e3o campinense a se engajar pelos direitos das crian\u00e7as e adolescentes que t\u00eam o seus direitos violados, trazendo preju\u00edzos futuros para a vida e forma\u00e7\u00e3o como cidad\u00e3o\u201d relata.<\/p>\n\n\n\n<div class=\"wp-block-image\"><figure class=\"aligncenter\"><img decoding=\"async\" data-src=\"https:\/\/www.helenolima.com\/wp-content\/uploads\/2020\/04\/b-43-300x225.jpg\" alt=\"\" class=\"wp-image-8590 lazyload\" src=\"data:image\/svg+xml;base64,PHN2ZyB3aWR0aD0iMSIgaGVpZ2h0PSIxIiB4bWxucz0iaHR0cDovL3d3dy53My5vcmcvMjAwMC9zdmciPjwvc3ZnPg==\" style=\"--smush-placeholder-width: 300px; --smush-placeholder-aspect-ratio: 300\/225;\" \/><\/figure><\/div>\n\n\n\n<p>O 18 de Maio foi institu\u00eddo Dia Nacional de Combate ao Abuso e a Explora\u00e7\u00e3o Sexual de Crian\u00e7as e Adolescentes.<\/p>\n\n\n\n<p>A data ficou conhecida pelo \u201cCaso Araceli\u201d, quando, em 18 de Maio de 1973 uma menina, com apenas oito anos de idade, foi sequestrada, violentada e cruelmente assassinada no Esp\u00edrito Santo.<\/p>\n\n\n\n<p>Os seus agressores, jovens de classe m\u00e9dia alta, nunca foram punidos.<\/p>\n\n\n\n<p>Com Heleno Lima<\/p>\n","protected":false},"excerpt":{"rendered":"<p>Durante a manh\u00e3 dessa ter\u00e7a-feira (28), foi realizado uma a\u00e7\u00e3o alusiva ao 18 de Maio, \u201cDia Nacional de Enfrentamento a Viol\u00eancia Sexual contra Crian\u00e7a e&hellip; <\/p>\n","protected":false},"author":1,"featured_media":166371,"comment_status":"closed","ping_status":"closed","sticky":false,"template":"","format":"standard","meta":{"sfsi_plus_gutenberg_text_before_share":"","sfsi_plus_gutenberg_show_text_before_share":"","sfsi_plus_gutenberg_icon_type":"","sfsi_plus_gutenberg_icon_alignemt":"","sfsi_plus_gutenburg_max_per_row":"","footnotes":""},"categories":[6],"tags":[],"class_list":["post-166368","post","type-post","status-publish","format-standard","has-post-thumbnail","hentry","category-cidades"],"_links":{"self":[{"href":"https:\/\/www.caririemacao.com\/1\/wp-json\/wp\/v2\/posts\/166368","targetHints":{"allow":["GET"]}}],"collection":[{"href":"https:\/\/www.caririemacao.com\/1\/wp-json\/wp\/v2\/posts"}],"about":[{"href":"https:\/\/www.caririemacao.com\/1\/wp-json\/wp\/v2\/types\/post"}],"author":[{"embeddable":true,"href":"https:\/\/www.caririemacao.com\/1\/wp-json\/wp\/v2\/users\/1"}],"replies":[{"embeddable":true,"href":"https:\/\/www.caririemacao.com\/1\/wp-json\/wp\/v2\/comments?post=166368"}],"version-history":[{"count":1,"href":"https:\/\/www.caririemacao.com\/1\/wp-json\/wp\/v2\/posts\/166368\/revisions"}],"predecessor-version":[{"id":166374,"href":"https:\/\/www.caririemacao.com\/1\/wp-json\/wp\/v2\/posts\/166368\/revisions\/166374"}],"wp:featuredmedia":[{"embeddable":true,"href":"https:\/\/www.caririemacao.com\/1\/wp-json\/wp\/v2\/media\/166371"}],"wp:attachment":[{"href":"https:\/\/www.caririemacao.com\/1\/wp-json\/wp\/v2\/media?parent=166368"}],"wp:term":[{"taxonomy":"category","embeddable":true,"href":"https:\/\/www.caririemacao.com\/1\/wp-json\/wp\/v2\/categories?post=166368"},{"taxonomy":"post_tag","embeddable":true,"href":"https:\/\/www.caririemacao.com\/1\/wp-json\/wp\/v2\/tags?post=166368"}],"curies":[{"name":"wp","href":"https:\/\/api.w.org\/{rel}","templated":true}]}}