{"id":166379,"date":"2020-04-29T06:13:59","date_gmt":"2020-04-29T09:13:59","guid":{"rendered":"https:\/\/www.caririemacao.com\/1\/?p=166379"},"modified":"2020-04-29T06:13:59","modified_gmt":"2020-04-29T09:13:59","slug":"novo-decreto-pode-flexibilizar-abertura-do-comercio-e-outros-servicos-na-paraiba-durante-pandemia-revela-joao-azevedo","status":"publish","type":"post","link":"https:\/\/www.caririemacao.com\/1\/2020\/04\/29\/novo-decreto-pode-flexibilizar-abertura-do-comercio-e-outros-servicos-na-paraiba-durante-pandemia-revela-joao-azevedo\/","title":{"rendered":"Novo decreto pode flexibilizar abertura do com\u00e9rcio e outros servi\u00e7os na Para\u00edba durante pandemia, revela Jo\u00e3o Azev\u00eado"},"content":{"rendered":"\n<p>O governador Jo\u00e3o Azev\u00eado informou&nbsp;que o pr\u00f3ximo decreto deve flexibilizar a abertura do com\u00e9rcio e outros servi\u00e7os na Para\u00edba durante a pandemia do novo coronav\u00edrus. A declara\u00e7\u00e3o foi dada nesta ter\u00e7a-feira (28)&nbsp;em entrevista ao Rede Verdade, da TV Arapuan.<\/p>\n\n\n\n<p>Jo\u00e3o Azev\u00eado vai se reunir em videoconfer\u00eancia com o presidente da Famup, com o prefeito Luciano Cartaxo e com o prefeito Romero Rodrigues para conversar sobre o assunto. O decreto estadual de isolamento social em vig\u00eancia tem prazo at\u00e9 o dia 3 de maio.<\/p>\n\n\n\n<p>&#8220;N\u00f3s temos que tomar a decis\u00e3o baseada em dados, em fatos. N\u00f3s somos orientados pelo Comit\u00ea Cient\u00edfico que foi criado dentro do Cons\u00f3rcio Nordeste, que faz a proje\u00e7\u00e3o de todos os casos. Em cima dessas informa\u00e7\u00f5es \u00e9 que tomaremos as decis\u00f5es. Talvez at\u00e9 sexta-feira (1\u00ba) n\u00f3s temos a informa\u00e7\u00e3o do que \u00e9 que vai ser poss\u00edvel flexibilizar. Como n\u00f3s vamos apresentar um plano para reaquecimento da economia, n\u00f3s queremos que nesse final de semana o decreto que saia estabelecendo o que pode ser retomado e outras medidas que podem ser endurecidas&#8221;, explicou o governador.<\/p>\n\n\n\n<p>O gestor informou que no novo decreto tamb\u00e9m vai constar&nbsp;a obrigatoriedade do uso de m\u00e1scaras de prote\u00e7\u00e3o para combater a transmiss\u00e3o do novo coronav\u00edrus. &#8220;Uma das quest\u00f5es que \u00e9 a obrigatoriedade de uso da m\u00e1scara em locais p\u00fablicos, essa vai ser colocada no pr\u00f3ximo decreto porque realmente \u00e9 um fator preponderante para baixar essa taxa de contamina\u00e7\u00e3o.&#8221;<\/p>\n\n\n\n<p>Jo\u00e3o Azev\u00eado informou que tamb\u00e9m ter\u00e1 reuni\u00e3o com o ministro da Sa\u00fade, Nelson Teich, para discutir as medidas de combate \u00e0 Covid-19. A videoconfer\u00eancia deve ocorrer \u00e0s 15h desta quarta-feira (29). &#8220;Amanh\u00e3 \u00e0s 15h n\u00f3s vamos ter uma videoconfer\u00eancia com o novo ministro da Sa\u00fade, juntamente com o gabinete civil da Presid\u00eancia da Rep\u00fablica. Para que a gente entenda quais s\u00e3o as recomenda\u00e7\u00f5es agora no Governo Federal.&#8221;<\/p>\n","protected":false},"excerpt":{"rendered":"<p>O governador Jo\u00e3o Azev\u00eado informou&nbsp;que o pr\u00f3ximo decreto deve flexibilizar a abertura do com\u00e9rcio e outros servi\u00e7os na Para\u00edba durante a pandemia do novo coronav\u00edrus.&hellip; <\/p>\n","protected":false},"author":2,"featured_media":166380,"comment_status":"closed","ping_status":"closed","sticky":false,"template":"","format":"standard","meta":{"sfsi_plus_gutenberg_text_before_share":"","sfsi_plus_gutenberg_show_text_before_share":"","sfsi_plus_gutenberg_icon_type":"","sfsi_plus_gutenberg_icon_alignemt":"","sfsi_plus_gutenburg_max_per_row":"","footnotes":""},"categories":[11],"tags":[],"class_list":["post-166379","post","type-post","status-publish","format-standard","has-post-thumbnail","hentry","category-politica"],"_links":{"self":[{"href":"https:\/\/www.caririemacao.com\/1\/wp-json\/wp\/v2\/posts\/166379","targetHints":{"allow":["GET"]}}],"collection":[{"href":"https:\/\/www.caririemacao.com\/1\/wp-json\/wp\/v2\/posts"}],"about":[{"href":"https:\/\/www.caririemacao.com\/1\/wp-json\/wp\/v2\/types\/post"}],"author":[{"embeddable":true,"href":"https:\/\/www.caririemacao.com\/1\/wp-json\/wp\/v2\/users\/2"}],"replies":[{"embeddable":true,"href":"https:\/\/www.caririemacao.com\/1\/wp-json\/wp\/v2\/comments?post=166379"}],"version-history":[{"count":1,"href":"https:\/\/www.caririemacao.com\/1\/wp-json\/wp\/v2\/posts\/166379\/revisions"}],"predecessor-version":[{"id":166382,"href":"https:\/\/www.caririemacao.com\/1\/wp-json\/wp\/v2\/posts\/166379\/revisions\/166382"}],"wp:featuredmedia":[{"embeddable":true,"href":"https:\/\/www.caririemacao.com\/1\/wp-json\/wp\/v2\/media\/166380"}],"wp:attachment":[{"href":"https:\/\/www.caririemacao.com\/1\/wp-json\/wp\/v2\/media?parent=166379"}],"wp:term":[{"taxonomy":"category","embeddable":true,"href":"https:\/\/www.caririemacao.com\/1\/wp-json\/wp\/v2\/categories?post=166379"},{"taxonomy":"post_tag","embeddable":true,"href":"https:\/\/www.caririemacao.com\/1\/wp-json\/wp\/v2\/tags?post=166379"}],"curies":[{"name":"wp","href":"https:\/\/api.w.org\/{rel}","templated":true}]}}