{"id":166386,"date":"2020-04-29T06:17:06","date_gmt":"2020-04-29T09:17:06","guid":{"rendered":"https:\/\/www.caririemacao.com\/1\/?p=166386"},"modified":"2020-04-29T06:17:06","modified_gmt":"2020-04-29T09:17:06","slug":"covid-19-ministro-ve-agravamento-da-situacao-no-brasil","status":"publish","type":"post","link":"https:\/\/www.caririemacao.com\/1\/2020\/04\/29\/covid-19-ministro-ve-agravamento-da-situacao-no-brasil\/","title":{"rendered":"Covid-19: Ministro v\u00ea \u2018agravamento da situa\u00e7\u00e3o\u2019 no Brasil"},"content":{"rendered":"\n<p>Ap\u00f3s recorde di\u00e1rio e mais de 5 mil mortes, ministro diz que h\u00e1 \u2018agravamento da situa\u00e7\u00e3o\u2019 da Covid no Brasil<\/p>\n\n\n\n<p>\u2018A gente tem que abordar isso como um problema, com uma curva que vem crescendo\u2019, afirmou Nelson Teich, novo ministro da Sa\u00fade.<\/p>\n\n\n\n<p>O ministro da Sa\u00fade, Nelson Teich, disse nesta ter\u00e7a-feira (28) que h\u00e1 \u201cagravamento da situa\u00e7\u00e3o\u201d da Covid-19 no Brasil. A avalia\u00e7\u00e3o foi feita ap\u00f3s o pa\u00eds registrar recorde com 474 mortes confirmadas em 24 horas, elevando o total a 5.017. Com isso, o Brasil superou a China, que teve 4.643 \u00f3bitos causados pelo novo coronav\u00edrus.<\/p>\n\n\n\n<p>\u201cO que tem que ficar claro \u00e9 um n\u00famero que vem crescendo. Alguns dias atr\u00e1s eu coloquei que isso poderia ser um ac\u00famulo de casos de dias anteriores, que foi simplesmente resgatado, mas como a gente tem uma manuten\u00e7\u00e3o desses n\u00fameros elevados e crescentes, a gente tem que abordar isso como um problema, com uma curva que vem crescendo, com o agravamento da situa\u00e7\u00e3o.\u201d \u2013 Nelson Teich, ministro da Sa\u00fade<br>Na quinta-feira (23), quando foram anunciadas 407 mortes, Teich afirmou que era preciso esperar os dias seguintes para avaliar se o aumento representava uma tend\u00eancia ou apenas a divulga\u00e7\u00e3o de casos acumulados.<\/p>\n\n\n\n<p>Ao reavaliar a situa\u00e7\u00e3o, Teich fez a ressalva de que, na an\u00e1lise da pasta, o agravamento \u201ccontinua restrito\u201d a algumas localidades que est\u00e3o enfrentando as \u201cmaiores dificuldades\u201d. Ele listou Manaus, Recife, Rio de Janeiro e S\u00e3o Paulo.<\/p>\n\n\n\n<p>O secret\u00e1rio nacional de Vigil\u00e2ncia em Sa\u00fade, Wanderson de Oliveira, fez uma previs\u00e3o de agravamento dos casos nas pr\u00f3ximas semanas.<\/p>\n\n\n\n<p>\u201cOs estados que mais nos preocupam s\u00e3o aqueles que est\u00e3o apresentando a situa\u00e7\u00e3o mais intensa da transmiss\u00e3o. S\u00e3o Paulo nas pr\u00f3ximas semanas pode ter uma intensidade na regi\u00e3o metropolitana. Rio de Janeiro, Pernambuco, Recife, Cear\u00e1, Fortaleza e Manaus s\u00e3o os locais que no momento nos chamam mais aten\u00e7\u00e3o.\u201d \u2013 Wanderson de Oliveira, secret\u00e1rio Nacional de Vigil\u00e2ncia em Sa\u00fade do Minist\u00e9rio da Sa\u00fade<\/p>\n\n\n\n<p>Dados do balan\u00e7o<br>No mais recente balan\u00e7o dos casos de coronav\u00edrus no Brasil, os principais dados s\u00e3o:<\/p>\n\n\n\n<p>5.017 mortes, na segunda-feira (28) eram 4.543.<br>71.886 casos confirmados, na segunda eram 66.501. Foram 5.385 casos a mais (8,1%).<br>Em 7 dias, foram mais 2.111 mortes.<br>34.325 pacientes est\u00e3o em acompanhamento (48%).<br>32.544 pessoas est\u00e3o recuperadas (45%).<br>1.156 mortes est\u00e3o em investiga\u00e7\u00e3o.<br>S\u00e3o Paulo tem 2.049 mortes e 24.041 casos confirmados.<\/p>\n\n\n\n<p>Com Vitrine do Cariri<\/p>\n","protected":false},"excerpt":{"rendered":"<p>Ap\u00f3s recorde di\u00e1rio e mais de 5 mil mortes, ministro diz que h\u00e1 \u2018agravamento da situa\u00e7\u00e3o\u2019 da Covid no Brasil \u2018A gente tem que abordar&hellip; <\/p>\n","protected":false},"author":1,"featured_media":166387,"comment_status":"closed","ping_status":"closed","sticky":false,"template":"","format":"standard","meta":{"sfsi_plus_gutenberg_text_before_share":"","sfsi_plus_gutenberg_show_text_before_share":"","sfsi_plus_gutenberg_icon_type":"","sfsi_plus_gutenberg_icon_alignemt":"","sfsi_plus_gutenburg_max_per_row":"","footnotes":""},"categories":[6],"tags":[],"class_list":["post-166386","post","type-post","status-publish","format-standard","has-post-thumbnail","hentry","category-cidades"],"_links":{"self":[{"href":"https:\/\/www.caririemacao.com\/1\/wp-json\/wp\/v2\/posts\/166386","targetHints":{"allow":["GET"]}}],"collection":[{"href":"https:\/\/www.caririemacao.com\/1\/wp-json\/wp\/v2\/posts"}],"about":[{"href":"https:\/\/www.caririemacao.com\/1\/wp-json\/wp\/v2\/types\/post"}],"author":[{"embeddable":true,"href":"https:\/\/www.caririemacao.com\/1\/wp-json\/wp\/v2\/users\/1"}],"replies":[{"embeddable":true,"href":"https:\/\/www.caririemacao.com\/1\/wp-json\/wp\/v2\/comments?post=166386"}],"version-history":[{"count":1,"href":"https:\/\/www.caririemacao.com\/1\/wp-json\/wp\/v2\/posts\/166386\/revisions"}],"predecessor-version":[{"id":166388,"href":"https:\/\/www.caririemacao.com\/1\/wp-json\/wp\/v2\/posts\/166386\/revisions\/166388"}],"wp:featuredmedia":[{"embeddable":true,"href":"https:\/\/www.caririemacao.com\/1\/wp-json\/wp\/v2\/media\/166387"}],"wp:attachment":[{"href":"https:\/\/www.caririemacao.com\/1\/wp-json\/wp\/v2\/media?parent=166386"}],"wp:term":[{"taxonomy":"category","embeddable":true,"href":"https:\/\/www.caririemacao.com\/1\/wp-json\/wp\/v2\/categories?post=166386"},{"taxonomy":"post_tag","embeddable":true,"href":"https:\/\/www.caririemacao.com\/1\/wp-json\/wp\/v2\/tags?post=166386"}],"curies":[{"name":"wp","href":"https:\/\/api.w.org\/{rel}","templated":true}]}}