{"id":166389,"date":"2020-04-29T06:18:56","date_gmt":"2020-04-29T09:18:56","guid":{"rendered":"https:\/\/www.caririemacao.com\/1\/?p=166389"},"modified":"2020-04-29T06:18:56","modified_gmt":"2020-04-29T09:18:56","slug":"combate-aos-crimes-ambientais-resulta-em-apreensoes-de-armas-e-aves-no-cariri","status":"publish","type":"post","link":"https:\/\/www.caririemacao.com\/1\/2020\/04\/29\/combate-aos-crimes-ambientais-resulta-em-apreensoes-de-armas-e-aves-no-cariri\/","title":{"rendered":"Combate aos crimes ambientais resulta em apreens\u00f5es de armas e aves no Cariri"},"content":{"rendered":"\n<p>Um balan\u00e7o divulgado pelo Batalh\u00e3o de Pol\u00edcia Ambiental (BPAmb) da PM mostra que 2.123 animais silvestres foram apreendidos na Para\u00edba, nos \u00faltimos dois meses, o que revela um crescimento em mais de 1.000% do n\u00famero de apreens\u00f5es. O rigor no combate ao tr\u00e1fico principalmente das aves silvestres, que afeta v\u00e1rias esp\u00e9cies, faz parte dos objetivos do BPAmb.<\/p>\n\n\n\n<p>Na manh\u00e3 do domingo, militares da 2\u00aa Companhia de Policiamento Ambiental apreenderam seis armas de ca\u00e7a e algumas aves silvestres abatidas. Na situa\u00e7\u00e3o, um grupo de homens foi abordado no munic\u00edpio de Caturit\u00e9, praticando atividade de ca\u00e7a sem a devida autoriza\u00e7\u00e3o legal. Os suspeitos e o material apreendido foram entregues na Delegacia de Queimadas.<\/p>\n\n\n\n<p>O comandante do Batalh\u00e3o de Pol\u00edcia Ambiental, tenente-coronel Melquisedec Lima, disse que as a\u00e7\u00f5es ser\u00e3o refor\u00e7adas ainda mais nos pr\u00f3ximos meses. \u201cO meio ambiente ecologicamente equilibrado \u00e9 um direito dos brasileiros, previsto inclusive em nossa Constitui\u00e7\u00e3o Federal, e estaremos refor\u00e7ando ainda mais as a\u00e7\u00f5es para proteger a fauna e a flora paraibana. O trabalho dos valorosos policiais que fazem parte do BPAmb resultou na apreens\u00e3o 2.123 animais silvestres, outros 370 foram resgatados, tivemos 57 armas de fogo usadas em crimes ambientais retiradas de circula\u00e7\u00e3o, 63 presos e 136 autos de infra\u00e7\u00e3o aplicados\u201d, destacou.<\/p>\n\n\n\n<p>Ainda no per\u00edodo dos \u00faltimos dois meses, a unidade realizou 27 opera\u00e7\u00f5es para combater crimes ambientais, sendo a grande maioria para preservar a fauna contra a cria\u00e7\u00e3o, ca\u00e7a e venda ilegais de animais silvestres, em v\u00e1rias cidades paraibanas.<\/p>\n\n\n\n<p>Outro trabalho que vem sendo intensificado pelo Batalh\u00e3o de Pol\u00edcia Ambiental \u00e9 a fiscaliza\u00e7\u00e3o contra o desmatamento e a extra\u00e7\u00e3o ilegal de minerais. A prote\u00e7\u00e3o ao bioma Mata Atl\u00e2ntica e a Caatinga, que s\u00e3o patrim\u00f4nios n\u00e3o s\u00f3 da Para\u00edba, mas do Brasil, conta tamb\u00e9m com a\u00e7\u00f5es de conscientiza\u00e7\u00e3o da popula\u00e7\u00e3o, que, ap\u00f3s passar o per\u00edodo da pandemia do novo coronav\u00edrus, ser\u00e3o refor\u00e7adas pela equipe de educa\u00e7\u00e3o ambiental do BPAmb.<\/p>\n\n\n\n<p>Resultados das a\u00e7\u00f5es dos \u00faltimos dois meses \u2013 63 presos por crimes ambientais; 57 armas de fogo apreendidas; 2.123 animais silvestres apreendidos (criados ou vendidos sem autoriza\u00e7\u00e3o); 370 animais resgatados (encontrados fora de seu habitat natural); 136 autos de infra\u00e7\u00e3o lavrados; e R$ 430.919,80 em multas aplicadas.<\/p>\n\n\n\n<p><\/p>\n\n\n\n<p>Com Vitrine do Cariri<\/p>\n","protected":false},"excerpt":{"rendered":"<p>Um balan\u00e7o divulgado pelo Batalh\u00e3o de Pol\u00edcia Ambiental (BPAmb) da PM mostra que 2.123 animais silvestres foram apreendidos na Para\u00edba, nos \u00faltimos dois meses, o&hellip; <\/p>\n","protected":false},"author":1,"featured_media":166391,"comment_status":"closed","ping_status":"closed","sticky":false,"template":"","format":"standard","meta":{"sfsi_plus_gutenberg_text_before_share":"","sfsi_plus_gutenberg_show_text_before_share":"","sfsi_plus_gutenberg_icon_type":"","sfsi_plus_gutenberg_icon_alignemt":"","sfsi_plus_gutenburg_max_per_row":"","footnotes":""},"categories":[12],"tags":[],"class_list":["post-166389","post","type-post","status-publish","format-standard","has-post-thumbnail","hentry","category-policia"],"_links":{"self":[{"href":"https:\/\/www.caririemacao.com\/1\/wp-json\/wp\/v2\/posts\/166389","targetHints":{"allow":["GET"]}}],"collection":[{"href":"https:\/\/www.caririemacao.com\/1\/wp-json\/wp\/v2\/posts"}],"about":[{"href":"https:\/\/www.caririemacao.com\/1\/wp-json\/wp\/v2\/types\/post"}],"author":[{"embeddable":true,"href":"https:\/\/www.caririemacao.com\/1\/wp-json\/wp\/v2\/users\/1"}],"replies":[{"embeddable":true,"href":"https:\/\/www.caririemacao.com\/1\/wp-json\/wp\/v2\/comments?post=166389"}],"version-history":[{"count":1,"href":"https:\/\/www.caririemacao.com\/1\/wp-json\/wp\/v2\/posts\/166389\/revisions"}],"predecessor-version":[{"id":166392,"href":"https:\/\/www.caririemacao.com\/1\/wp-json\/wp\/v2\/posts\/166389\/revisions\/166392"}],"wp:featuredmedia":[{"embeddable":true,"href":"https:\/\/www.caririemacao.com\/1\/wp-json\/wp\/v2\/media\/166391"}],"wp:attachment":[{"href":"https:\/\/www.caririemacao.com\/1\/wp-json\/wp\/v2\/media?parent=166389"}],"wp:term":[{"taxonomy":"category","embeddable":true,"href":"https:\/\/www.caririemacao.com\/1\/wp-json\/wp\/v2\/categories?post=166389"},{"taxonomy":"post_tag","embeddable":true,"href":"https:\/\/www.caririemacao.com\/1\/wp-json\/wp\/v2\/tags?post=166389"}],"curies":[{"name":"wp","href":"https:\/\/api.w.org\/{rel}","templated":true}]}}