{"id":166390,"date":"2020-04-29T06:19:55","date_gmt":"2020-04-29T09:19:55","guid":{"rendered":"https:\/\/www.caririemacao.com\/1\/?p=166390"},"modified":"2020-04-29T06:19:55","modified_gmt":"2020-04-29T09:19:55","slug":"como-regularizar-o-titulo-de-eleitor-pela-internet","status":"publish","type":"post","link":"https:\/\/www.caririemacao.com\/1\/2020\/04\/29\/como-regularizar-o-titulo-de-eleitor-pela-internet\/","title":{"rendered":"Como regularizar o t\u00edtulo de eleitor pela internet"},"content":{"rendered":"\n<div class=\"wp-block-image\"><figure class=\"aligncenter\"><a href=\"http:\/\/noticiasemdestaque.com\/cd\/wp-content\/uploads\/2020\/04\/titulo-de-eleitor.jpg\"><img decoding=\"async\" data-src=\"http:\/\/noticiasemdestaque.com\/cd\/wp-content\/uploads\/2020\/04\/titulo-de-eleitor.jpg\" alt=\"\" class=\"wp-image-24560 lazyload\" src=\"data:image\/svg+xml;base64,PHN2ZyB3aWR0aD0iMSIgaGVpZ2h0PSIxIiB4bWxucz0iaHR0cDovL3d3dy53My5vcmcvMjAwMC9zdmciPjwvc3ZnPg==\" \/><\/a><\/figure><\/div>\n\n\n\n<p><\/p>\n\n\n\n<p>Dia 6 de maio \u00e9 o \u00faltimo dia para o eleitor regularizar sua situa\u00e7\u00e3o para poder votar nas Elei\u00e7\u00f5es Municipais de 2020. Em raz\u00e3o da pandemia provocada pelo novo coronav\u00edrus (respons\u00e1vel pelo Covid-19), os servi\u00e7os eleitorais presenciais foram suspensos. Mas a Justi\u00e7a Eleitoral n\u00e3o parou. O Tribunal Superior Eleitoral (TSE) lan\u00e7ou, nesta ter\u00e7a-feira (28), uma campanha para estimular\u00a0o atendimento do eleitor de forma remota nessa fase final.<\/p>\n\n\n\n<p>O material produzido ser\u00e1 veiculado nacionalmente em emissoras de r\u00e1dio e de televis\u00e3o e nas redes sociais. A Assessoria de Comunica\u00e7\u00e3o (Ascom) do TSE, respons\u00e1vel pelo conte\u00fado, ainda desenvolveu uma nova p\u00e1gina no Portal da Justi\u00e7a Eleitoral que traz orienta\u00e7\u00f5es acerca dos procedimentos de atendimento remoto para solicita\u00e7\u00e3o dos servi\u00e7os de alistamento (primeira via do t\u00edtulo), mudan\u00e7a de munic\u00edpio (transfer\u00eancia), altera\u00e7\u00e3o de dados pessoais, altera\u00e7\u00e3o de local de vota\u00e7\u00e3o por justificada necessidade de facilita\u00e7\u00e3o de mobilidade e revis\u00e3o para a regulariza\u00e7\u00e3o de inscri\u00e7\u00e3o cancelada.<\/p>\n\n\n\n<p>Al\u00e9m do passo a passo e da indica\u00e7\u00e3o dos documentos necess\u00e1rios, o espa\u00e7o tamb\u00e9m cont\u00e9m link direcionando para as p\u00e1ginas de atendimento de cada um dos 27 tribunais regionais eleitorais (TREs) para efetuar o requerimento de alistamento eleitoral.<\/p>\n\n\n\n<p>\u201cNessa p\u00e1gina, o eleitor ter\u00e1 todas as informa\u00e7\u00f5es de como proceder caso a caso. A pandemia impossibilitou que os servi\u00e7os fossem realizados presencialmente. No entanto, tendo em vista a proximidade do prazo de fechamento do cadastro eleitoral, o TSE agiu para oferecer um atendimento remoto descomplicado, sempre com o objetivo de garantir a participa\u00e7\u00e3o do eleitor no pleito e preservar a democracia\u201d, afirma a assessora-chefe da Ascom do TSE, Ana Cristina Rosa.<\/p>\n\n\n\n<p>O TSE tamb\u00e9m firmou parceria com o Facebook para que a rede social disponibilize, na abertura da timeline, um megafone, recurso que informar\u00e1 como est\u00e1 sendo feito o atendimento da Justi\u00e7a Eleitoral neste per\u00edodo de isolamento social.<\/p>\n\n\n\n<p>PARA MAIS INFORMA\u00c7\u00d5ES:&nbsp;<a href=\"http:\/\/www.justicaeleitoral.jus.br\/eleicoes\/atendimento\/?fbclid=IwAR0f3bQxUN3L7X6PgaD6CENj7zKCVddnGoNBuTsTIKXKCHOHVR_63nIef40#atendimento-remoto\" target=\"_blank\" rel=\"noreferrer noopener\">http:\/\/www.justicaeleitoral.jus.br\/eleicoes\/atendimento\/\u2026<\/a><\/p>\n","protected":false},"excerpt":{"rendered":"<p>Dia 6 de maio \u00e9 o \u00faltimo dia para o eleitor regularizar sua situa\u00e7\u00e3o para poder votar nas Elei\u00e7\u00f5es Municipais de 2020. Em raz\u00e3o da&hellip; <\/p>\n","protected":false},"author":2,"featured_media":165518,"comment_status":"closed","ping_status":"closed","sticky":false,"template":"","format":"standard","meta":{"sfsi_plus_gutenberg_text_before_share":"","sfsi_plus_gutenberg_show_text_before_share":"","sfsi_plus_gutenberg_icon_type":"","sfsi_plus_gutenberg_icon_alignemt":"","sfsi_plus_gutenburg_max_per_row":"","footnotes":""},"categories":[50,11],"tags":[],"class_list":["post-166390","post","type-post","status-publish","format-standard","has-post-thumbnail","hentry","category-destaque","category-politica"],"_links":{"self":[{"href":"https:\/\/www.caririemacao.com\/1\/wp-json\/wp\/v2\/posts\/166390","targetHints":{"allow":["GET"]}}],"collection":[{"href":"https:\/\/www.caririemacao.com\/1\/wp-json\/wp\/v2\/posts"}],"about":[{"href":"https:\/\/www.caririemacao.com\/1\/wp-json\/wp\/v2\/types\/post"}],"author":[{"embeddable":true,"href":"https:\/\/www.caririemacao.com\/1\/wp-json\/wp\/v2\/users\/2"}],"replies":[{"embeddable":true,"href":"https:\/\/www.caririemacao.com\/1\/wp-json\/wp\/v2\/comments?post=166390"}],"version-history":[{"count":1,"href":"https:\/\/www.caririemacao.com\/1\/wp-json\/wp\/v2\/posts\/166390\/revisions"}],"predecessor-version":[{"id":166394,"href":"https:\/\/www.caririemacao.com\/1\/wp-json\/wp\/v2\/posts\/166390\/revisions\/166394"}],"wp:featuredmedia":[{"embeddable":true,"href":"https:\/\/www.caririemacao.com\/1\/wp-json\/wp\/v2\/media\/165518"}],"wp:attachment":[{"href":"https:\/\/www.caririemacao.com\/1\/wp-json\/wp\/v2\/media?parent=166390"}],"wp:term":[{"taxonomy":"category","embeddable":true,"href":"https:\/\/www.caririemacao.com\/1\/wp-json\/wp\/v2\/categories?post=166390"},{"taxonomy":"post_tag","embeddable":true,"href":"https:\/\/www.caririemacao.com\/1\/wp-json\/wp\/v2\/tags?post=166390"}],"curies":[{"name":"wp","href":"https:\/\/api.w.org\/{rel}","templated":true}]}}