{"id":166393,"date":"2020-04-29T06:22:34","date_gmt":"2020-04-29T09:22:34","guid":{"rendered":"https:\/\/www.caririemacao.com\/1\/?p=166393"},"modified":"2020-04-29T06:51:50","modified_gmt":"2020-04-29T09:51:50","slug":"covid-19-brasil-bate-recorde-de-mortes-em-24h-chega-a-5-017-e-passa-china","status":"publish","type":"post","link":"https:\/\/www.caririemacao.com\/1\/2020\/04\/29\/covid-19-brasil-bate-recorde-de-mortes-em-24h-chega-a-5-017-e-passa-china\/","title":{"rendered":"Covid-19: Brasil bate recorde de mortes em 24h, chega a 5.017 e passa China"},"content":{"rendered":"\n<p>O Minist\u00e9rio da Sa\u00fade anunciou hoje que subiu para 5.017 o n\u00famero de mortes pelo novo&nbsp;coronav\u00edrus&nbsp;no Brasil \u2014 474 \u00f3bitos confirmados nas \u00faltimas 24 horas, maior n\u00famero registrado no per\u00edodo desde o in\u00edcio da pandemia. Com os dados atualizados, o pa\u00eds ultrapassou a China, que registra oficialmente 4.643 mortes por conta da covid-19.- Continua depois da publicidade &#8211;<ins><\/ins><\/p>\n\n\n\n<p>No total, s\u00e3o 71.886 casos oficiais no pa\u00eds, segundo os dados mais recentes do Minist\u00e9rio, com 5.385 novos diagn\u00f3sticos de ontem para hoje. Segundo a pasta, ao menos 34.325 pacientes est\u00e3o em acompanhamento e mais de 32.544 j\u00e1 se recuperaram. 1.156 \u00f3bitos seguem em investiga\u00e7\u00e3o.<\/p>\n\n\n\n<p>Os Estados Unidos j\u00e1 acusaram o governo chin\u00eas de esconder relat\u00f3rios sobre a doen\u00e7a no pa\u00eds, onde teve in\u00edcio a pandemia. A Organiza\u00e7\u00e3o Mundial de Sa\u00fade (OMS) registra que a China teve 84.347 diagn\u00f3sticos de covid-19.<\/p>\n\n\n\n<p>J\u00e1 Brasil tem subnotifica\u00e7\u00e3o de casos e \u00f3bitos, indicam&nbsp;estudos recentes. Pesquisas brasileiras apontam que os casos aqui podem ser de 12 a 15 vezes maiores do que os reportados pelo Minist\u00e9rio.<\/p>\n\n\n\n<p>A taxa de letalidade \u2014 que compara os casos totais pelos n\u00fameros de \u00f3bitos confirmados \u2014 no Brasil \u00e9 de 6,8%, segundo a atualiza\u00e7\u00e3o do governo.<\/p>\n\n\n\n<p>O an\u00fancio de hoje, no entanto, n\u00e3o significa necessariamente que 474 pessoas morreram nas \u00faltimas 24 horas. Desde o in\u00edcio da pandemia, o Minist\u00e9rio da Sa\u00fade tem somado ao balan\u00e7o di\u00e1rio mortes ocorridas dias atr\u00e1s, mas com confirma\u00e7\u00e3o de covid-19 no \u00faltimo dia.<\/p>\n\n\n\n<p>No total, as mortes em decorr\u00eancia do coronav\u00edrus confirmadas em cada estado s\u00e3o:<\/p>\n\n\n\n<p>Acre (16); Alagoas (36), Amap\u00e1 (26); Amazonas (351); Bahia (86); Cear\u00e1 (403); Distrito Federal (28); Esp\u00edrito Santo (64); Goi\u00e1s (27); Maranh\u00e3o (145); Mato Grosso (11); Mato Grosso do Sul (9); Minas Gerais (71); Par\u00e1 (129); Paran\u00e1 (77); Para\u00edba (53); Pernambuco (508); Piau\u00ed (21); Rio Grande do Norte (48); Rio Grande do Sul (42); Rio de Janeiro (738); Rond\u00f4nia (11); Roraima (6); Santa Catarina (44); S\u00e3o Paulo (2.049); Sergipe (11); Tocantins (2).<\/p>\n\n\n\n<h3 class=\"wp-block-heading\"><strong>Pico entre 2 a 9 semanas<\/strong><\/h3>\n\n\n\n<p>Secret\u00e1rio de Vigil\u00e2ncia em Sa\u00fade, Wanderson de Oliveira declarou nesta tarde que o per\u00edodo de maior incid\u00eancia de v\u00edrus respirat\u00f3rios, como o caso da covid-19, \u00e9 previsto para iniciar em duas semanas.<\/p>\n\n\n\n<p>A declara\u00e7\u00e3o foi dada em entrevista coletiva concedida pelo Minist\u00e9rio da Sa\u00fade. Segundo Oliveira, o Brasil inicia a 18\u00aa semana desde que iniciou os boletins a respeito da situa\u00e7\u00e3o do coronav\u00edrus no pa\u00eds.<\/p>\n\n\n\n<p>Projetando o pico de casos de outras infec\u00e7\u00f5es respirat\u00f3rias que j\u00e1 acometeram o Brasil, ele apresentou o levantamento.<\/p>\n\n\n\n<p>\u201cEstamos na semana epidemiol\u00f3gica de n\u00famero 18. O per\u00edodo de maior incid\u00eancia de v\u00edrus respirat\u00f3rios ocorre em torno da 20\u00aa, 22\u00aa, 27\u00aa semana. Em alguns anos ela se antecipa, em outros isso \u00e9 prorrogado\u201d, observou.<\/p>\n\n\n\n<p><em>Do Uol.<\/em><\/p>\n","protected":false},"excerpt":{"rendered":"<p>O Minist\u00e9rio da Sa\u00fade anunciou hoje que subiu para 5.017 o n\u00famero de mortes pelo novo&nbsp;coronav\u00edrus&nbsp;no Brasil \u2014 474 \u00f3bitos confirmados nas \u00faltimas 24 horas,&hellip; <\/p>\n","protected":false},"author":1,"featured_media":166443,"comment_status":"closed","ping_status":"closed","sticky":false,"template":"","format":"standard","meta":{"sfsi_plus_gutenberg_text_before_share":"","sfsi_plus_gutenberg_show_text_before_share":"","sfsi_plus_gutenberg_icon_type":"","sfsi_plus_gutenberg_icon_alignemt":"","sfsi_plus_gutenburg_max_per_row":"","footnotes":""},"categories":[50,16],"tags":[],"class_list":["post-166393","post","type-post","status-publish","format-standard","has-post-thumbnail","hentry","category-destaque","category-saude"],"_links":{"self":[{"href":"https:\/\/www.caririemacao.com\/1\/wp-json\/wp\/v2\/posts\/166393","targetHints":{"allow":["GET"]}}],"collection":[{"href":"https:\/\/www.caririemacao.com\/1\/wp-json\/wp\/v2\/posts"}],"about":[{"href":"https:\/\/www.caririemacao.com\/1\/wp-json\/wp\/v2\/types\/post"}],"author":[{"embeddable":true,"href":"https:\/\/www.caririemacao.com\/1\/wp-json\/wp\/v2\/users\/1"}],"replies":[{"embeddable":true,"href":"https:\/\/www.caririemacao.com\/1\/wp-json\/wp\/v2\/comments?post=166393"}],"version-history":[{"count":1,"href":"https:\/\/www.caririemacao.com\/1\/wp-json\/wp\/v2\/posts\/166393\/revisions"}],"predecessor-version":[{"id":166396,"href":"https:\/\/www.caririemacao.com\/1\/wp-json\/wp\/v2\/posts\/166393\/revisions\/166396"}],"wp:featuredmedia":[{"embeddable":true,"href":"https:\/\/www.caririemacao.com\/1\/wp-json\/wp\/v2\/media\/166443"}],"wp:attachment":[{"href":"https:\/\/www.caririemacao.com\/1\/wp-json\/wp\/v2\/media?parent=166393"}],"wp:term":[{"taxonomy":"category","embeddable":true,"href":"https:\/\/www.caririemacao.com\/1\/wp-json\/wp\/v2\/categories?post=166393"},{"taxonomy":"post_tag","embeddable":true,"href":"https:\/\/www.caririemacao.com\/1\/wp-json\/wp\/v2\/tags?post=166393"}],"curies":[{"name":"wp","href":"https:\/\/api.w.org\/{rel}","templated":true}]}}