{"id":166397,"date":"2020-04-29T06:24:20","date_gmt":"2020-04-29T09:24:20","guid":{"rendered":"https:\/\/www.caririemacao.com\/1\/?p=166397"},"modified":"2020-04-29T06:24:20","modified_gmt":"2020-04-29T09:24:20","slug":"brasil-bate-novamente-o-recorde-quase-500-mortes-num-dia-devido-a-covid-19","status":"publish","type":"post","link":"https:\/\/www.caririemacao.com\/1\/2020\/04\/29\/brasil-bate-novamente-o-recorde-quase-500-mortes-num-dia-devido-a-covid-19\/","title":{"rendered":"Brasil bate novamente o recorde: quase 500 mortes num dia devido \u00e0 Covid-19"},"content":{"rendered":"\n<p>O Brasil bateu um novo recorde de mortes registradas em 24 horas, com 474 \u00f3bitos, e ultrapassou a China no n\u00famero de mortes causadas pelo novo coronav\u00edrus. O recorde anterior do Brasil era de 23 de abril, com 407 v\u00edtimas.<\/p>\n\n\n\n<p>O pa\u00eds \u00e9 agora o nono pa\u00eds com mais v\u00edtimas no mundo.<\/p>\n\n\n\n<p>Segundo o boletim mais recente do Minist\u00e9rio da Sa\u00fade, ao todo 5.017 pessoas morreram por Covid-19. A China, por sua vez registra 4.637 mortos, a maioria em Wuhan, na prov\u00edncia de Hubei (4.512).<\/p>\n\n\n\n<p>No Brasil, os casos confirmados tamb\u00e9m est\u00e3o mais concentrados em uma regi\u00e3o, a Sudeste.<\/p>\n\n\n\n<p>Os primeiros casos confirmados do novo coronav\u00edrus foram registrados em Wuhan, na China, em dezembro de 2019. J\u00e1 no in\u00edcio da pandemia o pa\u00eds determinou uma quarentena sem precedentes nas cidades afetadas. O isolamento, ao que tudo indica, levou a diminui\u00e7\u00e3o do n\u00famero de novos casos confirmados por dia e culminou no relaxamento da quarentena no fim de mar\u00e7o.<\/p>\n\n\n\n<p>O recorde de mortes por coronav\u00edrus em 24 horas registradas na China aconteceu em 17 de fevereiro, ap\u00f3s o pa\u00eds asi\u00e1tico adotar uma nova metodologia para confirma\u00e7\u00e3o de casos e v\u00edtimas.<\/p>\n\n\n\n<p>A velocidade com que o v\u00edrus se alastra e causa mortes no Brasil \u00e9 similar \u00e0 observada na China. Ambos os pa\u00edses levaram cerca de dois meses para atingir os primeiros mil mortos ap\u00f3s o registro do primeiro caso.<\/p>\n\n\n\n<p>Os dados sobre mortes nos dois pa\u00edses desde o surgimento do v\u00edrus indicam que o Brasil ultrapassou a China devido \u00e0 queda no n\u00famero de novas mortes do pa\u00eds asi\u00e1tico.<\/p>\n\n\n\n<p>No intervalo de 18 dias, entre 29 de mar\u00e7o e 16 de abril, a China registrou 42 mortes novas mortes. No mesmo per\u00edodo, O Brasil registrou 1.788.<\/p>\n\n\n\n<p>Assim como na China, \u00e9 poss\u00edvel que no Brasil haja subnotifica\u00e7\u00e3o do n\u00famero de pessoas infectadas e de mortes causadas pela Covid-19.<\/p>\n\n\n\n<p>Em S\u00e3o Paulo, por exemplo, os cemit\u00e9rios p\u00fablicos t\u00eam recebido por dia entre 30 a 40 corpos de pessoas que morreram com suspeita de estarem contaminadas pelo novo coronav\u00edrus.<\/p>\n\n\n\n<p>Por causa do atraso nos resultados dos testes laboratoriais que confirmariam a infec\u00e7\u00e3o, a maior parte desses \u00f3bitos n\u00e3o entrou nas estat\u00edsticas oficiais do Minist\u00e9rio da Sa\u00fade.<\/p>\n\n\n\n<p>No in\u00edcio de abril, alguns estados e munic\u00edpios brasileiros relataram uma m\u00e9dia de 1 caso de coronav\u00edrus para cada 30 suspeitos. A falta de kits e a inexist\u00eancia de uma portaria que detalhasse quais casos deveriam ser contabilizados como confirmados ou suspeitos foi apontada como sendo a poss\u00edvel causa para a subnotifica\u00e7\u00e3o.<\/p>\n\n\n\n<p>Ap\u00f3s uma resposta inicial turbulenta, com direito a censura em redes sociais e restri\u00e7\u00e3o de informa\u00e7\u00f5es, a China zerou pela primeira vez, em 18 de mar\u00e7o, a transmiss\u00e3o local do Sars-CoV-2. Com os resultados positivos oriundos do isolamentos social, o pa\u00eds come\u00e7ou a ensaiar ainda em mar\u00e7o o relaxamento da quarentena. No dia 28 daquele m\u00eas, o metr\u00f4 voltou a funcionar junto com outros servi\u00e7os de trem em Hubei.<\/p>\n\n\n\n<p>Enquanto isso, no Brasil, os primeiros casos confirmados de transmiss\u00e3o sustentada eram anunciados pelas autoridades sanit\u00e1rias do estado de S\u00e3o Paulo, onde a quarentena que estava prevista para chegar ao fim em 22 de abril foi prorrogada para 10 de maio.<\/p>\n\n\n\n<p>No dia 22 de abril, o governador Jo\u00e3o Doria anunciou que a \u201creabertura econ\u00f4mica\u201d do estado come\u00e7aria em 11 de maio. Apenas um dia mais tarde, por\u00e9m, Doria disse afirmou que poderia voltar atr\u00e1s quanto a reabertura caso os \u00edndices de isolamento social n\u00e3o ficassem acima de 50%.<\/p>\n\n\n\n<p>Pelo menos 24 cidades de S\u00e3o Paulo flexibilizaram a quarentena via decreto a revelia das determina\u00e7\u00f5es do governo estadual. O governador amea\u00e7ou, inclusive, entrar na Justi\u00e7a contra as prefeituras. N\u00e3o foi preciso.<\/p>\n\n\n\n<p>O Minist\u00e9rio P\u00fablico suspendeu a reabertura do com\u00e9rcio em pelos menos 11 cidades que chegaram a reabrir lojas ou apontar datas para retomada.<\/p>\n\n\n\n<p>Enquanto na China, ao que se sabe, n\u00e3o houve interrup\u00e7\u00f5es ou grandes manifesta\u00e7\u00f5es contr\u00e1rias a quarentena, no Brasil, apoiadores do presidente Jair Bolsonaro \u2013que se manifestou diversas vezes contra o isolamento social\u2013 t\u00eam participado de carreatas pedindo o impeachment do governador paulista e a reabertura da cidade.<\/p>\n\n\n\n<p>Bolsonaro tem visto sua popularidade cair devido \u00e0 forma como est\u00e1 gerindo a pandemia no pa\u00eds. O presidente chegou a demitir o ex-ministro da Sa\u00fade, Luiz Henrique Mandetta, por manter a orienta\u00e7\u00e3o a favor da quarentena.<\/p>\n\n\n\n<p>Para evitar novo desgaste e a exposi\u00e7\u00e3o de desacordos no alto escal\u00e3o do governo, o novo ministro, Nelson Teich, passou por treinamento sobre como lidar com a imprensa.<\/p>\n\n\n\n<p>Teich n\u00e3o come\u00e7ou bem e conta com a reprova\u00e7\u00e3o de secret\u00e1rios de Sa\u00fade. Segundo eles, n\u00e3o houve mais di\u00e1logo com o minist\u00e9rio desde o dia 17 de abril, quando o novo ministro tomou posse. Com Mandetta, afirmam, as conversas eram di\u00e1rias.<\/p>\n\n\n\n<p>Ap\u00f3s cr\u00edticas, o ministro marcou a primeira reuni\u00e3o com presidentes de conselhos de secret\u00e1rios para esta quarta (29).<\/p>\n\n\n\n<p>At\u00e9 o momento, os EUA registram o maior impacto do coronav\u00edrus no mundo. O pa\u00eds atingiu nesta ter\u00e7a 1 milh\u00e3o de casos confirmados de Covid-19, marca in\u00e9dita entre os 185 pa\u00edses impactados pela pandemia. O patamar alarmante foi atingido 12 dias depois que o presidente Donald Trump anunciou um plano para a reabertura econ\u00f4mica dos estados americanos.<\/p>\n","protected":false},"excerpt":{"rendered":"<p>O Brasil bateu um novo recorde de mortes registradas em 24 horas, com 474 \u00f3bitos, e ultrapassou a China no n\u00famero de mortes causadas pelo&hellip; <\/p>\n","protected":false},"author":2,"featured_media":164437,"comment_status":"closed","ping_status":"closed","sticky":false,"template":"","format":"standard","meta":{"sfsi_plus_gutenberg_text_before_share":"","sfsi_plus_gutenberg_show_text_before_share":"","sfsi_plus_gutenberg_icon_type":"","sfsi_plus_gutenberg_icon_alignemt":"","sfsi_plus_gutenburg_max_per_row":"","footnotes":""},"categories":[2],"tags":[],"class_list":["post-166397","post","type-post","status-publish","format-standard","has-post-thumbnail","hentry","category-geral"],"_links":{"self":[{"href":"https:\/\/www.caririemacao.com\/1\/wp-json\/wp\/v2\/posts\/166397","targetHints":{"allow":["GET"]}}],"collection":[{"href":"https:\/\/www.caririemacao.com\/1\/wp-json\/wp\/v2\/posts"}],"about":[{"href":"https:\/\/www.caririemacao.com\/1\/wp-json\/wp\/v2\/types\/post"}],"author":[{"embeddable":true,"href":"https:\/\/www.caririemacao.com\/1\/wp-json\/wp\/v2\/users\/2"}],"replies":[{"embeddable":true,"href":"https:\/\/www.caririemacao.com\/1\/wp-json\/wp\/v2\/comments?post=166397"}],"version-history":[{"count":1,"href":"https:\/\/www.caririemacao.com\/1\/wp-json\/wp\/v2\/posts\/166397\/revisions"}],"predecessor-version":[{"id":166400,"href":"https:\/\/www.caririemacao.com\/1\/wp-json\/wp\/v2\/posts\/166397\/revisions\/166400"}],"wp:featuredmedia":[{"embeddable":true,"href":"https:\/\/www.caririemacao.com\/1\/wp-json\/wp\/v2\/media\/164437"}],"wp:attachment":[{"href":"https:\/\/www.caririemacao.com\/1\/wp-json\/wp\/v2\/media?parent=166397"}],"wp:term":[{"taxonomy":"category","embeddable":true,"href":"https:\/\/www.caririemacao.com\/1\/wp-json\/wp\/v2\/categories?post=166397"},{"taxonomy":"post_tag","embeddable":true,"href":"https:\/\/www.caririemacao.com\/1\/wp-json\/wp\/v2\/tags?post=166397"}],"curies":[{"name":"wp","href":"https:\/\/api.w.org\/{rel}","templated":true}]}}