{"id":166403,"date":"2020-04-29T06:26:00","date_gmt":"2020-04-29T09:26:00","guid":{"rendered":"https:\/\/www.caririemacao.com\/1\/?p=166403"},"modified":"2020-04-29T06:26:00","modified_gmt":"2020-04-29T09:26:00","slug":"anvisa-aprova-realizacao-de-testes-rapidos-de-coronavirus-em-farmacias-e-drogarias","status":"publish","type":"post","link":"https:\/\/www.caririemacao.com\/1\/2020\/04\/29\/anvisa-aprova-realizacao-de-testes-rapidos-de-coronavirus-em-farmacias-e-drogarias\/","title":{"rendered":"Anvisa aprova realiza\u00e7\u00e3o de testes r\u00e1pidos de coronav\u00edrus em farm\u00e1cias e drogarias"},"content":{"rendered":"\n<p>Ag\u00eancia Nacional de Vigil\u00e2ncia Sanit\u00e1ria (ANVISA) aprovou por unanimidade nesta ter\u00e7a-feira (28), a realiza\u00e7\u00e3o de testes r\u00e1pidos de diagn\u00f3sticos de Covid-19, em farm\u00e1cias e drogarias, por\u00e9m n\u00e3o \u00e9 obrigat\u00f3rio que disponibilizem os testes sendo assim volunt\u00e1rio. A medida foi aprovada pela diretoria da ag\u00eancia em car\u00e1ter tempor\u00e1rio, enquanto durar a pandemia.<\/p>\n\n\n\n<p>A autoriza\u00e7\u00e3o come\u00e7a a valer a partir da publica\u00e7\u00e3o de uma resolu\u00e7\u00e3o da diretoria colegiada no Di\u00e1rio Oficial da Uni\u00e3o. Os estabelecimentos que aderirem aos testes r\u00e1pidos, dever\u00e3o ter um profissional qualificado durante todo o hor\u00e1rio de funcionamento.<\/p>\n\n\n\n<p>O teste r\u00e1pido contribui para o diagn\u00f3stico, mas n\u00e3o possui finalidade comprobat\u00f3ria, sendo assim, n\u00e3o serve para contagem de casos do coronav\u00edrus no pa\u00eds. Os resultados devem ser analisados por um profissional da sa\u00fade, em conjunto com outros dados do paciente.<\/p>\n\n\n\n<p>De acordo com o diretor-presidente substituto da Anvisa, Ant\u00f4nio Barra Torres. o aumento dos testes \u00e9 uma estrat\u00e9gia que visa diminuir a aglomera\u00e7\u00e3o de indiv\u00edduos em hospitais e reduzir a procura dos servi\u00e7os m\u00e9dicos em estabelecimento das redes p\u00fablicas<\/p>\n\n\n\n<p>A decis\u00e3o foi apoiada pelo Conselho Federal de Farm\u00e1cia (CFF), conforme foi divulgado pelo conselho. O \u00f3rg\u00e3o diz que \u201creivindicou do Governo o envolvimento dos 9,8 mil laborat\u00f3rios de an\u00e1lises clinicas sob responsabilidade t\u00e9cnica de farmac\u00eauticos e das 88 mil farm\u00e1cias na testagem da popula\u00e7\u00e3o, tanto no atendimento privado, quanto p\u00fablico\u201d.<\/p>\n\n\n\n<p><em><strong>Vit\u00f3ria Borges<\/strong><\/em><br>Primeiras Not\u00edcias<\/p>\n","protected":false},"excerpt":{"rendered":"<p>Ag\u00eancia Nacional de Vigil\u00e2ncia Sanit\u00e1ria (ANVISA) aprovou por unanimidade nesta ter\u00e7a-feira (28), a realiza\u00e7\u00e3o de testes r\u00e1pidos de diagn\u00f3sticos de Covid-19, em farm\u00e1cias e drogarias,&hellip; <\/p>\n","protected":false},"author":1,"featured_media":166404,"comment_status":"closed","ping_status":"closed","sticky":false,"template":"","format":"standard","meta":{"sfsi_plus_gutenberg_text_before_share":"","sfsi_plus_gutenberg_show_text_before_share":"","sfsi_plus_gutenberg_icon_type":"","sfsi_plus_gutenberg_icon_alignemt":"","sfsi_plus_gutenburg_max_per_row":"","footnotes":""},"categories":[50,16],"tags":[],"class_list":["post-166403","post","type-post","status-publish","format-standard","has-post-thumbnail","hentry","category-destaque","category-saude"],"_links":{"self":[{"href":"https:\/\/www.caririemacao.com\/1\/wp-json\/wp\/v2\/posts\/166403","targetHints":{"allow":["GET"]}}],"collection":[{"href":"https:\/\/www.caririemacao.com\/1\/wp-json\/wp\/v2\/posts"}],"about":[{"href":"https:\/\/www.caririemacao.com\/1\/wp-json\/wp\/v2\/types\/post"}],"author":[{"embeddable":true,"href":"https:\/\/www.caririemacao.com\/1\/wp-json\/wp\/v2\/users\/1"}],"replies":[{"embeddable":true,"href":"https:\/\/www.caririemacao.com\/1\/wp-json\/wp\/v2\/comments?post=166403"}],"version-history":[{"count":1,"href":"https:\/\/www.caririemacao.com\/1\/wp-json\/wp\/v2\/posts\/166403\/revisions"}],"predecessor-version":[{"id":166405,"href":"https:\/\/www.caririemacao.com\/1\/wp-json\/wp\/v2\/posts\/166403\/revisions\/166405"}],"wp:featuredmedia":[{"embeddable":true,"href":"https:\/\/www.caririemacao.com\/1\/wp-json\/wp\/v2\/media\/166404"}],"wp:attachment":[{"href":"https:\/\/www.caririemacao.com\/1\/wp-json\/wp\/v2\/media?parent=166403"}],"wp:term":[{"taxonomy":"category","embeddable":true,"href":"https:\/\/www.caririemacao.com\/1\/wp-json\/wp\/v2\/categories?post=166403"},{"taxonomy":"post_tag","embeddable":true,"href":"https:\/\/www.caririemacao.com\/1\/wp-json\/wp\/v2\/tags?post=166403"}],"curies":[{"name":"wp","href":"https:\/\/api.w.org\/{rel}","templated":true}]}}