{"id":166406,"date":"2020-04-29T06:27:23","date_gmt":"2020-04-29T09:27:23","guid":{"rendered":"https:\/\/www.caririemacao.com\/1\/?p=166406"},"modified":"2020-04-29T06:27:23","modified_gmt":"2020-04-29T09:27:23","slug":"no-brejo-foragido-da-justica-e-preso-com-arsenal","status":"publish","type":"post","link":"https:\/\/www.caririemacao.com\/1\/2020\/04\/29\/no-brejo-foragido-da-justica-e-preso-com-arsenal\/","title":{"rendered":"No Brejo foragido da Justi\u00e7a \u00e9 preso com arsenal"},"content":{"rendered":"\n<p><strong>BANANEIRAS&nbsp;<\/strong>\u2013 Um homem de 44 anos, foi preso nas primeiras horas desta ter\u00e7afeira (28), suspeito de fornecer armas de fogo e fabricar muni\u00e7\u00f5es para criminosos que atuam no Brejo paraibano.<\/p>\n\n\n\n<p>Com ele, as policias, Civil e Militar, apreenderam tr\u00eas rev\u00f3lveres, uma espingarda, um rifle, muni\u00e7\u00f5es e materiais para a fabrica\u00e7\u00e3o de produtos b\u00e9licos para o crime.<\/p>\n\n\n\n<p>Contra o acusado, havia um mandado de pris\u00e3o em aberto pelo crime de com\u00e9rcio ilegal de arma de fogo, expedido pela Vara \u00danica de Bananeiras.<\/p>\n\n\n\n<p>Ele tinha sido preso em abril de 2016 pela mesma pr\u00e1tica criminosa e est\u00e1 condenado a cumprir pena de mais de 8 anos de cadeia.<\/p>\n\n\n\n<p>Ele foi levado para a Delegacia de Pol\u00edcia Civil, em Sol\u00e2nea.<\/p>\n\n\n\n<p>A opera\u00e7\u00e3o desta ter\u00e7a feira foi realizada em conjunto pelas equipes da 7\u00aa Companhia Independente da PM e 21\u00aa Delegacia Seccional, que cercaram o s\u00edtio Olho D\u2019\u00e1gua.<\/p>\n\n\n\n<p>Com Heleno Lima<\/p>\n","protected":false},"excerpt":{"rendered":"<p>BANANEIRAS&nbsp;\u2013 Um homem de 44 anos, foi preso nas primeiras horas desta ter\u00e7afeira (28), suspeito de fornecer armas de fogo e fabricar muni\u00e7\u00f5es para criminosos&hellip; <\/p>\n","protected":false},"author":1,"featured_media":166407,"comment_status":"closed","ping_status":"closed","sticky":false,"template":"","format":"standard","meta":{"sfsi_plus_gutenberg_text_before_share":"","sfsi_plus_gutenberg_show_text_before_share":"","sfsi_plus_gutenberg_icon_type":"","sfsi_plus_gutenberg_icon_alignemt":"","sfsi_plus_gutenburg_max_per_row":"","footnotes":""},"categories":[12],"tags":[],"class_list":["post-166406","post","type-post","status-publish","format-standard","has-post-thumbnail","hentry","category-policia"],"_links":{"self":[{"href":"https:\/\/www.caririemacao.com\/1\/wp-json\/wp\/v2\/posts\/166406","targetHints":{"allow":["GET"]}}],"collection":[{"href":"https:\/\/www.caririemacao.com\/1\/wp-json\/wp\/v2\/posts"}],"about":[{"href":"https:\/\/www.caririemacao.com\/1\/wp-json\/wp\/v2\/types\/post"}],"author":[{"embeddable":true,"href":"https:\/\/www.caririemacao.com\/1\/wp-json\/wp\/v2\/users\/1"}],"replies":[{"embeddable":true,"href":"https:\/\/www.caririemacao.com\/1\/wp-json\/wp\/v2\/comments?post=166406"}],"version-history":[{"count":1,"href":"https:\/\/www.caririemacao.com\/1\/wp-json\/wp\/v2\/posts\/166406\/revisions"}],"predecessor-version":[{"id":166408,"href":"https:\/\/www.caririemacao.com\/1\/wp-json\/wp\/v2\/posts\/166406\/revisions\/166408"}],"wp:featuredmedia":[{"embeddable":true,"href":"https:\/\/www.caririemacao.com\/1\/wp-json\/wp\/v2\/media\/166407"}],"wp:attachment":[{"href":"https:\/\/www.caririemacao.com\/1\/wp-json\/wp\/v2\/media?parent=166406"}],"wp:term":[{"taxonomy":"category","embeddable":true,"href":"https:\/\/www.caririemacao.com\/1\/wp-json\/wp\/v2\/categories?post=166406"},{"taxonomy":"post_tag","embeddable":true,"href":"https:\/\/www.caririemacao.com\/1\/wp-json\/wp\/v2\/tags?post=166406"}],"curies":[{"name":"wp","href":"https:\/\/api.w.org\/{rel}","templated":true}]}}