{"id":166409,"date":"2020-04-29T06:29:34","date_gmt":"2020-04-29T09:29:34","guid":{"rendered":"https:\/\/www.caririemacao.com\/1\/?p=166409"},"modified":"2020-04-29T06:29:34","modified_gmt":"2020-04-29T09:29:34","slug":"prefeitura-de-joao-pessoa-recebe-doacao-e-comprara-novos-respiradores","status":"publish","type":"post","link":"https:\/\/www.caririemacao.com\/1\/2020\/04\/29\/prefeitura-de-joao-pessoa-recebe-doacao-e-comprara-novos-respiradores\/","title":{"rendered":"Prefeitura de Jo\u00e3o Pessoa recebe doa\u00e7\u00e3o e comprar\u00e1 novos respiradores"},"content":{"rendered":"\n<p>O prefeito de Jo\u00e3o Pessoa, Luciano Cartaxo, recebeu, na manh\u00e3 desta ter\u00e7a-feira (28), a doa\u00e7\u00e3o de R$ 50 mil da institui\u00e7\u00e3o financeira cooperativa Sicredi Evolu\u00e7\u00e3o para serem utilizados nas a\u00e7\u00f5es da Prefeitura Municipal de Jo\u00e3o Pessoa (PMJP) de preven\u00e7\u00e3o e combate ao novo coronav\u00edrus. De acordo com o prefeito, a proposta inicial \u00e9 que os recursos sejam destinados \u00e0 compra de respiradores para fortalecer ainda mais a rede hospitalar. \u201cEstamos abrindo o Prontovida, hospital exclusivo para o atendimento de Covid-19 e estamos fortalecendo nossa rede para termos uma capacidade ainda maior de atendimento \u00e0 popula\u00e7\u00e3o\u201d, explicou Luciano.- Continua depois da publicidade &#8211;<ins><\/ins><\/p>\n\n\n\n<p>De acordo com o prefeito, h\u00e1 uma dificuldade de aquisi\u00e7\u00e3o de respiradores no momento devido \u00e0 concorr\u00eancia em todo o mundo e regi\u00f5es com maior urg\u00eancia, mas a Prefeitura busca aumentar a quantidade dos aparelhos na cidade. \u201cAgimos com anteced\u00eancia em Jo\u00e3o Pessoa, tomando todas as precau\u00e7\u00f5es. Mas \u00e9 preciso estar sempre um passo \u00e0 frente do v\u00edrus, refor\u00e7ando a rede de sa\u00fade. As dificuldades existem, mas o nosso esfor\u00e7o para salvar vidas \u00e9 permanente\u201d, explicou o gestor.<\/p>\n\n\n\n<p>Luciano Cartaxo agradeceu ao Sicredi pela doa\u00e7\u00e3o e afirmou que esta rede de solidariedade que se formou na Capital \u00e9 fundamental para fortalecer as a\u00e7\u00f5es. \u201cO Brasil e o mundo precisam de gestos de solidariedade como este. S\u00f3 com uni\u00e3o e trabalho conjunto, vamos vencer esta luta pela vida. O primeiro passo deve ser o cumprimento do isolamento social. Quem fica em casa cumpre um papel decisivo no combate \u00e0 Covid-19\u201d, disse, depois de lembrar que a Prefeitura j\u00e1 arrecadou 3,1 toneladas de alimentos e kits de higiene na Central de Doa\u00e7\u00f5es.<\/p>\n\n\n\n<p>O presidente da Sicredi Evolu\u00e7\u00e3o, Jo\u00e3o Bezerra Junior, afirmou que a cooperativa est\u00e1 \u00e0 disposi\u00e7\u00e3o de Jo\u00e3o Pessoa e de todos os munic\u00edpios paraibanos para ajudar nas a\u00e7\u00f5es de combate \u00e0 Covid-19. \u201cDesejamos muita sorte a todos nesta empreitada e estamos inteiramente \u00e0 disposi\u00e7\u00e3o no que for poss\u00edvel para fortalecer estas a\u00e7\u00f5es. Estamos doando um total de R$ 600 mil para prefeituras, entidades p\u00fablicas e privadas e para a\u00e7\u00f5es complementares. E esperamos que nossa iniciativa sirva de exemplo para outras institui\u00e7\u00f5es tamb\u00e9m fazerem sua parte\u201d, disse.<\/p>\n\n\n\n<p>Como h\u00e1 a necessidade tamb\u00e9m de outros insumos e equipamentos de prote\u00e7\u00e3o individual (EPI) para serem utilizados pelos trabalhadores da sa\u00fade nos hospitais, UPAs e USFs, os recursos doados pelo Sicredi tamb\u00e9m podem ser utilizados com este objetivo. \u201cA Secretaria Municipal de Sa\u00fade verificar\u00e1 a possibilidade de compra dos respiradores e, havendo dificuldade no momento, buscaremos suprir com outras demandas emergenciais no combate \u00e0 pandemia\u201d, explicou a secret\u00e1ria-adjunta da Sa\u00fade, Ana Giovana Medeiros.<\/p>\n\n\n\n<p>Com Para\u00edba J\u00e1<\/p>\n","protected":false},"excerpt":{"rendered":"<p>O prefeito de Jo\u00e3o Pessoa, Luciano Cartaxo, recebeu, na manh\u00e3 desta ter\u00e7a-feira (28), a doa\u00e7\u00e3o de R$ 50 mil da institui\u00e7\u00e3o financeira cooperativa Sicredi Evolu\u00e7\u00e3o&hellip; <\/p>\n","protected":false},"author":1,"featured_media":166410,"comment_status":"closed","ping_status":"closed","sticky":false,"template":"","format":"standard","meta":{"sfsi_plus_gutenberg_text_before_share":"","sfsi_plus_gutenberg_show_text_before_share":"","sfsi_plus_gutenberg_icon_type":"","sfsi_plus_gutenberg_icon_alignemt":"","sfsi_plus_gutenburg_max_per_row":"","footnotes":""},"categories":[6],"tags":[],"class_list":["post-166409","post","type-post","status-publish","format-standard","has-post-thumbnail","hentry","category-cidades"],"_links":{"self":[{"href":"https:\/\/www.caririemacao.com\/1\/wp-json\/wp\/v2\/posts\/166409","targetHints":{"allow":["GET"]}}],"collection":[{"href":"https:\/\/www.caririemacao.com\/1\/wp-json\/wp\/v2\/posts"}],"about":[{"href":"https:\/\/www.caririemacao.com\/1\/wp-json\/wp\/v2\/types\/post"}],"author":[{"embeddable":true,"href":"https:\/\/www.caririemacao.com\/1\/wp-json\/wp\/v2\/users\/1"}],"replies":[{"embeddable":true,"href":"https:\/\/www.caririemacao.com\/1\/wp-json\/wp\/v2\/comments?post=166409"}],"version-history":[{"count":1,"href":"https:\/\/www.caririemacao.com\/1\/wp-json\/wp\/v2\/posts\/166409\/revisions"}],"predecessor-version":[{"id":166411,"href":"https:\/\/www.caririemacao.com\/1\/wp-json\/wp\/v2\/posts\/166409\/revisions\/166411"}],"wp:featuredmedia":[{"embeddable":true,"href":"https:\/\/www.caririemacao.com\/1\/wp-json\/wp\/v2\/media\/166410"}],"wp:attachment":[{"href":"https:\/\/www.caririemacao.com\/1\/wp-json\/wp\/v2\/media?parent=166409"}],"wp:term":[{"taxonomy":"category","embeddable":true,"href":"https:\/\/www.caririemacao.com\/1\/wp-json\/wp\/v2\/categories?post=166409"},{"taxonomy":"post_tag","embeddable":true,"href":"https:\/\/www.caririemacao.com\/1\/wp-json\/wp\/v2\/tags?post=166409"}],"curies":[{"name":"wp","href":"https:\/\/api.w.org\/{rel}","templated":true}]}}