{"id":166416,"date":"2020-04-29T06:34:03","date_gmt":"2020-04-29T09:34:03","guid":{"rendered":"https:\/\/www.caririemacao.com\/1\/?p=166416"},"modified":"2020-04-29T06:34:03","modified_gmt":"2020-04-29T09:34:03","slug":"secretario-de-saude-defende-mais-15-dias-de-quarentena-na-paraiba","status":"publish","type":"post","link":"https:\/\/www.caririemacao.com\/1\/2020\/04\/29\/secretario-de-saude-defende-mais-15-dias-de-quarentena-na-paraiba\/","title":{"rendered":"Secret\u00e1rio de Sa\u00fade defende mais 15 dias de quarentena na Para\u00edba"},"content":{"rendered":"\n<p>O secret\u00e1rio estadual de Sa\u00fade, Geraldo Medeiros, revelou, no in\u00edcio da tarde desta ter\u00e7a-feira (28), que vai defender junto ao governador Jo\u00e3o Azev\u00eado (Cidadania) a prorroga\u00e7\u00e3o, por mais 15 dias, do decreto que imp\u00f5e uma s\u00e9rie de medidas de isolamento para conter o coronav\u00edrus na Para\u00edba.- Continua depois da publicidade &#8211;<ins><\/ins><\/p>\n\n\n\n<p><a href=\"https:\/\/paraibaja.com.br\/coronavirus-metade-dos-leitos-de-uti-esta-ocupada-na-paraiba-diz-ses\/\" target=\"_blank\" rel=\"noreferrer noopener\"><strong>+ Coronav\u00edrus: metade dos leitos de UTI est\u00e1 ocupada na Para\u00edba, diz SES<\/strong><\/a><\/p>\n\n\n\n<p>O decreto em vig\u00eancia encerra-se no pr\u00f3ximo domingo (3). Caso a tese do secret\u00e1rio seja acatada pelo governador, o novo decreto teria validade at\u00e9 o dia 18 de maio.<\/p>\n\n\n\n<h3 class=\"wp-block-heading\">Ocupa\u00e7\u00e3o de leitos<\/h3>\n\n\n\n<p>A&nbsp;<a href=\"https:\/\/paraibaja.com.br\/coronavirus-metade-dos-leitos-de-uti-esta-ocupada-na-paraiba-diz-ses\/\" target=\"_blank\" rel=\"noreferrer noopener\"><strong>taxa de ocupa\u00e7\u00e3o dos leitos de UTI para adultos com Covid-19 j\u00e1 \u00e9 50%<\/strong><\/a>, de acordo com a Secretaria de Estado da Sa\u00fade (SES). A taxa total de ocupa\u00e7\u00e3o, incluindo leitos pedi\u00e1tricos e obst\u00e9tricos, \u00e9 de 38%.<\/p>\n\n\n\n<p>Para Daniel Beltrammi, secret\u00e1rio Executivo de Gest\u00e3o da Rede de Unidades de Sa\u00fade, o crescimento da utiliza\u00e7\u00e3o de leitos de UTI nitidamente gera preocupa\u00e7\u00e3o.Taxa total de ocupa\u00e7\u00e3o de UTIs no estado \u00e9 de 38%<\/p>\n\n\n\n<p>\u201c38% dos leitos de UTI dispon\u00edveis no plano de conting\u00eancia est\u00e3o ocupados, para se ter uma ideia h\u00e1 uma semana esse n\u00famero era 17%. Crescimento muito expressivo. 12% dos leitos de enfermaria tamb\u00e9m ocupados, esse n\u00famero variando um pouco menos. O que chama a aten\u00e7\u00e3o \u00e9 o crescimento do n\u00famero de leitos, principalmente os de UTI\u201d, afirmou Daniel Beltrammi.<\/p>\n\n\n\n<h3 class=\"wp-block-heading\">N\u00fameros na PB<\/h3>\n\n\n\n<p>A&nbsp;<strong>Para\u00edba<\/strong>&nbsp;registrou mais<strong>&nbsp;90 casos de infec\u00e7\u00e3o pelo novo coronav\u00edrus<\/strong>&nbsp;(Sars-Cov-2) nas \u00faltimas 24 horas. Nesse per\u00edodo, tamb\u00e9m aconteceram mais tr\u00eas mortes.<\/p>\n\n\n\n<p>De acordo com boletim da Secretaria de Estado da Sa\u00fade, divulgado nesta segunda-feira (27), os casos confirmados no total somam 633. Al\u00e9m disso, os descartados chegaram a 1482, e os recuperados a 119. S\u00e3o 53 mortes confirmadas at\u00e9 o momento no estado.<\/p>\n\n\n\n<p>40 munic\u00edpios paraibanos j\u00e1 registram ao menos um caso de Covid-19. Mari e Lagoa Seca apresentaram seus primeiros casos confirmados nesta segunda-feira (27).<\/p>\n\n\n\n<p>Com Para\u00edba J\u00e1<\/p>\n","protected":false},"excerpt":{"rendered":"<p>O secret\u00e1rio estadual de Sa\u00fade, Geraldo Medeiros, revelou, no in\u00edcio da tarde desta ter\u00e7a-feira (28), que vai defender junto ao governador Jo\u00e3o Azev\u00eado (Cidadania) a&hellip; <\/p>\n","protected":false},"author":1,"featured_media":166417,"comment_status":"closed","ping_status":"closed","sticky":false,"template":"","format":"standard","meta":{"sfsi_plus_gutenberg_text_before_share":"","sfsi_plus_gutenberg_show_text_before_share":"","sfsi_plus_gutenberg_icon_type":"","sfsi_plus_gutenberg_icon_alignemt":"","sfsi_plus_gutenburg_max_per_row":"","footnotes":""},"categories":[50],"tags":[],"class_list":["post-166416","post","type-post","status-publish","format-standard","has-post-thumbnail","hentry","category-destaque"],"_links":{"self":[{"href":"https:\/\/www.caririemacao.com\/1\/wp-json\/wp\/v2\/posts\/166416","targetHints":{"allow":["GET"]}}],"collection":[{"href":"https:\/\/www.caririemacao.com\/1\/wp-json\/wp\/v2\/posts"}],"about":[{"href":"https:\/\/www.caririemacao.com\/1\/wp-json\/wp\/v2\/types\/post"}],"author":[{"embeddable":true,"href":"https:\/\/www.caririemacao.com\/1\/wp-json\/wp\/v2\/users\/1"}],"replies":[{"embeddable":true,"href":"https:\/\/www.caririemacao.com\/1\/wp-json\/wp\/v2\/comments?post=166416"}],"version-history":[{"count":1,"href":"https:\/\/www.caririemacao.com\/1\/wp-json\/wp\/v2\/posts\/166416\/revisions"}],"predecessor-version":[{"id":166419,"href":"https:\/\/www.caririemacao.com\/1\/wp-json\/wp\/v2\/posts\/166416\/revisions\/166419"}],"wp:featuredmedia":[{"embeddable":true,"href":"https:\/\/www.caririemacao.com\/1\/wp-json\/wp\/v2\/media\/166417"}],"wp:attachment":[{"href":"https:\/\/www.caririemacao.com\/1\/wp-json\/wp\/v2\/media?parent=166416"}],"wp:term":[{"taxonomy":"category","embeddable":true,"href":"https:\/\/www.caririemacao.com\/1\/wp-json\/wp\/v2\/categories?post=166416"},{"taxonomy":"post_tag","embeddable":true,"href":"https:\/\/www.caririemacao.com\/1\/wp-json\/wp\/v2\/tags?post=166416"}],"curies":[{"name":"wp","href":"https:\/\/api.w.org\/{rel}","templated":true}]}}