{"id":166428,"date":"2020-04-29T06:44:09","date_gmt":"2020-04-29T09:44:09","guid":{"rendered":"https:\/\/www.caririemacao.com\/1\/?p=166428"},"modified":"2020-04-29T06:44:09","modified_gmt":"2020-04-29T09:44:09","slug":"5-milhoes-de-trabalhadores-formais-sao-afetados-no-brasil-apos-pandemia","status":"publish","type":"post","link":"https:\/\/www.caririemacao.com\/1\/2020\/04\/29\/5-milhoes-de-trabalhadores-formais-sao-afetados-no-brasil-apos-pandemia\/","title":{"rendered":"5 milh\u00f5es de trabalhadores formais s\u00e3o afetados no Brasil ap\u00f3s pandemia"},"content":{"rendered":"\n<h1 class=\"wp-block-heading\"> <\/h1>\n\n\n\n<p>O n\u00famero representa quase 15% do estoque de trabalhadores formais no pa\u00eds.<\/p>\n\n\n\n<p>O Brasil tinha 33,6 milh\u00f5es de empregados no regime da CLT (Consolida\u00e7\u00e3o das Leis do Trabalho) em fevereiro, segundo o IBGE.<\/p>\n\n\n\n<p>De acordo com o Minist\u00e9rio da Economia, ao menos 1 milh\u00e3o de trabalhadores ficaram aptos a solicitar o seguro-desemprego ap\u00f3s o agravamento da pandemia.<\/p>\n\n\n\n<p>Em 45 dias, entre 1 mar\u00e7o e 15 de abril, 804 mil pessoas conseguiram acessar benef\u00edcio -no ano passado foram 866 mil.<\/p>\n\n\n\n<p>No entanto, segundo o governo, em raz\u00e3o das medidas restritivas nos estados, 200 mil desempregados n\u00e3o conseguiram ir \u00e0s ag\u00eancias do Sine (Sistema Nacional de Emprego) para solicitar o benef\u00edcio.<\/p>\n\n\n\n<p>Por este c\u00e1lculo, ao menos 1 milh\u00e3o de pessoas j\u00e1 foram demitidas no per\u00edodo da crise e passaram a ter direito ao benef\u00edcio, 138 mil a mais do que no mesmo per\u00edodo do ano passado -uma alta de quase 16%.<\/p>\n\n\n\n<p>Em outra frente, desde o in\u00edcio de abril, 4,3 milh\u00f5es de trabalhadores formais tiveram o contrato suspenso ou jornadas e sal\u00e1rios reduzidos por at\u00e9 tr\u00eas meses. A maior parte teve contrato integralmente suspenso, conforme parcial apresentada na \u00faltima semana. O governo n\u00e3o atualizou esse detalhamento e afirma que ainda planeja divulga\u00e7\u00f5es peri\u00f3dicas para o dado.<\/p>\n\n\n\n<p>Nesta ter\u00e7a-feira (28), o Minist\u00e9rio da Economia apresentou os dados do seguro-desemprego e ponderou que h\u00e1 represamento nos benef\u00edcios. O problema distorceu os dados do governo.<\/p>\n\n\n\n<p>\u201cTemos uma pequena fila, que estamos dando conta rapidamente. Essa demanda reprimida n\u00e3o passa de 200 mil em mar\u00e7o e abril\u201d, disse o secret\u00e1rio especial de Previd\u00eancia e Trabalho do Minist\u00e9rio da Economia, Bruno Bianco.<\/p>\n\n\n\n<p>\u201cCom os postos do Sine sem atendimento, h\u00e1 uma demanda represada de pedidos do seguro-desemprego. A m\u00e9dia de concess\u00e3o no ano passado estava em torno de 92%. Ent\u00e3o, seguindo essa m\u00e9dia, teria mais 180 mil trabalhadores no aguardo do benef\u00edcio\u201d, afirma S\u00e9rgio Luiz Leite, representantes da For\u00e7a Sindical no Codefat (Conselho Deliberativo do FAT, respons\u00e1vel pelo pagamento do seguro-desemprego).<\/p>\n\n\n\n<p>\u201cN\u00e3o tenho d\u00favidas de que o benef\u00edcio emergencial tem evitado demiss\u00f5es. Por isso, temos defendido sua amplia\u00e7\u00e3o, valores e tempo, para que se utilize recurso p\u00fablico prioritariamente para manter emprego. Isso seria um indutor para a retomada da economia\u201d, afirma.<\/p>\n\n\n\n<p>Segundo o Minist\u00e9rio da Economia, a contabiliza\u00e7\u00e3o foi prejudicada pelo fechamento das unidades do Sine, administradas pelos estados e munic\u00edpios, levando a um represamento de requerimentos.<\/p>\n\n\n\n<p>A pasta estima que h\u00e1 200 mil trabalhadores demitidos e aptos ao benef\u00edcio que n\u00e3o conseguiram fazer o pedido. O governo ressalta que \u00e9 poss\u00edvel solicitar o aux\u00edlio pela internet.<\/p>\n\n\n\n<p>T\u00e9cnicos do governo trataram os dados como positivos.<\/p>\n\n\n\n<p>Na avalia\u00e7\u00e3o do Minist\u00e9rio da Economia, a alta nos pedidos, considerando o represamento, n\u00e3o \u00e9 expressiva.<\/p>\n\n\n\n<p>Seria, principalmente, um sinal de que o programa de preserva\u00e7\u00e3o de empregos funciona: cortes de jornadas e sal\u00e1rios, propostos pelo governo por meio de MP (medida provis\u00f3ria) estariam preservando postos de trabalho.<\/p>\n\n\n\n<p>\u201cPor enquanto, neste primeiro instante de crise, passado mais de um m\u00eas, n\u00e3o verificamos nenhuma explos\u00e3o [nas demiss\u00f5es]\u201d, disse o secret\u00e1rio-executivo do Minist\u00e9rio da Economia, Marcelo Guaranys.<\/p>\n\n\n\n<p>No programa, o governo entra com uma compensa\u00e7\u00e3o em dinheiro para esses trabalhadores atingidos. A pasta estima que as pessoas tiveram, em m\u00e9dia, uma redu\u00e7\u00e3o de 15% da remunera\u00e7\u00e3o, j\u00e1 considerando a compensa\u00e7\u00e3o do governo.<\/p>\n\n\n\n<p>\u201cClaro que temos, sim, um aumento de desemprego, vamos ter aumento, mas o Brasil est\u00e1 conseguindo preservar muitos empregos\u201d, afirmou Bianco.<\/p>\n\n\n\n<p>O dado do seguro-desemprego \u00e9 o primeiro indicador oficial sobre o mercado de trabalho divulgado ap\u00f3s o agravamento da crise com o coronav\u00edrus.<\/p>\n\n\n\n<p>At\u00e9 ent\u00e3o, o pa\u00eds vivia uma esp\u00e9cie de apag\u00e3o estat\u00edstico nessa \u00e1rea.<\/p>\n\n\n\n<p>Ainda n\u00e3o h\u00e1, portanto, um dado preciso sobre a situa\u00e7\u00e3o do emprego no pa\u00eds.<\/p>\n\n\n\n<p>O Caged (Cadastro Geral de Empregados e Desempregados), que apresentava mensalmente o n\u00famero de trabalhadores com carteira assinada, foi suspenso pelo governo e ainda n\u00e3o h\u00e1 nenhum dado deste ano.<\/p>\n\n\n\n<p>A \u00faltima Pnad (Pesquisa Nacional por Amostra de Domic\u00edlios) -pesquisa conduzida pelo IBGE por amostragem para medir informalidade taxa de desemprego do pa\u00eds- traz dados at\u00e9 fevereiro, antes da crise. A pesquisa ainda ter\u00e1 de mudar por conta da pandemia e passar\u00e1 a ser feita pelo telefone, modelo sujeito a distor\u00e7\u00f5es.<\/p>\n\n\n\n<p>Em outros pa\u00edses, como nos Estados Unidos, os dados do seguro-desemprego s\u00e3o liberados semanalmente pelo Departamento de Trabalho. Em cinco semanas, por exemplo, 26 milh\u00f5es de americanos solicitaram o aux\u00edlio, indicado que foram fechados no mercado de trabalho local praticamente todos os postos criados nos \u00faltimos dez anos.<\/p>\n\n\n\n<p>At\u00e9 dezembro de 2018, o ent\u00e3o Minist\u00e9rio do Trabalho (hoje incorporado \u00e0 Economia) mantinha ativo o Painel do Seguro-Desemprego. Segundo a Secretaria Especial de Previd\u00eancia e Trabalho do Minist\u00e9rio da Economia, o painel foi desativado porque a quantidade de acessos n\u00e3o justificava a manuten\u00e7\u00e3o do sistema, \u201cque exigia emprego de recursos e servidores.\u201d<\/p>\n\n\n\n<p>O seguro-desemprego \u00e9 uma assist\u00eancia financeira tempor\u00e1ria paga pelo governo a trabalhadores dispensado sem justa causa. O valor do benef\u00edcio varia de R$ 1.045 a R$ 1.813,03.<\/p>\n\n\n\n<p>A secretaria tamb\u00e9m informou neste m\u00eas que o Caged continuar\u00e1 suspenso at\u00e9 que haja a completa atualiza\u00e7\u00e3o das informa\u00e7\u00f5es por parte das empresas.<\/p>\n\n\n\n<p>No in\u00edcio deste ano, o governo j\u00e1 tinha mudado a divulga\u00e7\u00e3o dos dados devido \u00e0 migra\u00e7\u00e3o do sistema usado pelas empresas para declarar dados como admiss\u00f5es, demiss\u00f5es, f\u00e9rias e reajustes salariais.<\/p>\n\n\n\n<p>Enquanto usavam o Caged, os empres\u00e1rios tinham at\u00e9 o dia 7 de cada m\u00eas para lan\u00e7ar as informais. Com a mudan\u00e7a para o eSocial (sistema de escritura\u00e7\u00e3o que promete simplificar a presta\u00e7\u00e3o de informa\u00e7\u00f5es), a data limite mudou para o dia 15.<\/p>\n\n\n\n<p>Segundo o minist\u00e9rio, 17 mil empresas deixaram de lan\u00e7ar corretamente as informa\u00e7\u00f5es de demiss\u00f5es realizadas em janeiro no sistema.<\/p>\n\n\n\n<p>Com a pandemia, o minist\u00e9rio tamb\u00e9m afirma que as empresas passaram a ter dificuldade de enviar os dados, j\u00e1 que muitas est\u00e3o fechadas e com dificuldade de fazer contado com escrit\u00f3rios de contabilidade.<\/p>\n","protected":false},"excerpt":{"rendered":"<p>O n\u00famero representa quase 15% do estoque de trabalhadores formais no pa\u00eds. O Brasil tinha 33,6 milh\u00f5es de empregados no regime da CLT (Consolida\u00e7\u00e3o das&hellip; <\/p>\n","protected":false},"author":2,"featured_media":166432,"comment_status":"closed","ping_status":"closed","sticky":false,"template":"","format":"standard","meta":{"sfsi_plus_gutenberg_text_before_share":"","sfsi_plus_gutenberg_show_text_before_share":"","sfsi_plus_gutenberg_icon_type":"","sfsi_plus_gutenberg_icon_alignemt":"","sfsi_plus_gutenburg_max_per_row":"","footnotes":""},"categories":[50,2],"tags":[],"class_list":["post-166428","post","type-post","status-publish","format-standard","has-post-thumbnail","hentry","category-destaque","category-geral"],"_links":{"self":[{"href":"https:\/\/www.caririemacao.com\/1\/wp-json\/wp\/v2\/posts\/166428","targetHints":{"allow":["GET"]}}],"collection":[{"href":"https:\/\/www.caririemacao.com\/1\/wp-json\/wp\/v2\/posts"}],"about":[{"href":"https:\/\/www.caririemacao.com\/1\/wp-json\/wp\/v2\/types\/post"}],"author":[{"embeddable":true,"href":"https:\/\/www.caririemacao.com\/1\/wp-json\/wp\/v2\/users\/2"}],"replies":[{"embeddable":true,"href":"https:\/\/www.caririemacao.com\/1\/wp-json\/wp\/v2\/comments?post=166428"}],"version-history":[{"count":1,"href":"https:\/\/www.caririemacao.com\/1\/wp-json\/wp\/v2\/posts\/166428\/revisions"}],"predecessor-version":[{"id":166433,"href":"https:\/\/www.caririemacao.com\/1\/wp-json\/wp\/v2\/posts\/166428\/revisions\/166433"}],"wp:featuredmedia":[{"embeddable":true,"href":"https:\/\/www.caririemacao.com\/1\/wp-json\/wp\/v2\/media\/166432"}],"wp:attachment":[{"href":"https:\/\/www.caririemacao.com\/1\/wp-json\/wp\/v2\/media?parent=166428"}],"wp:term":[{"taxonomy":"category","embeddable":true,"href":"https:\/\/www.caririemacao.com\/1\/wp-json\/wp\/v2\/categories?post=166428"},{"taxonomy":"post_tag","embeddable":true,"href":"https:\/\/www.caririemacao.com\/1\/wp-json\/wp\/v2\/tags?post=166428"}],"curies":[{"name":"wp","href":"https:\/\/api.w.org\/{rel}","templated":true}]}}