{"id":166435,"date":"2020-04-29T06:47:58","date_gmt":"2020-04-29T09:47:58","guid":{"rendered":"https:\/\/www.caririemacao.com\/1\/?p=166435"},"modified":"2020-04-29T06:47:58","modified_gmt":"2020-04-29T09:47:58","slug":"paraiba-atinge-quase-700-casos-de-coronavirus-mortes-chegam-a-58","status":"publish","type":"post","link":"https:\/\/www.caririemacao.com\/1\/2020\/04\/29\/paraiba-atinge-quase-700-casos-de-coronavirus-mortes-chegam-a-58\/","title":{"rendered":"Para\u00edba atinge quase 700 casos de coronav\u00edrus; mortes chegam a 58"},"content":{"rendered":"\n<h1 class=\"wp-block-heading\"><\/h1>\n\n\n\n<p>O estado da Para\u00edba atingiu 699 casos de coronav\u00edrus. E o n\u00famero de mortes subiu para 58. \u00c9 o que informa o boletim da Secret\u00e1ria de Estado da Sa\u00fade desta ter\u00e7a-feira (28).<\/p>\n\n\n\n<p>Isso significa a confirma\u00e7\u00e3o de 66 novos casos de Covid-19 e cinco \u00f3bitos nas \u00faltimas 24 horas.<\/p>\n\n\n\n<p>Os casos est\u00e3o distribu\u00eddos em 44 munic\u00edpios: Alagoa Grande (1); Alagoa Nova (1); Ara\u00e7agi (1); Areia (1); Barra de S\u00e3o Miguel (1); Bayeux (19); Bom Jesus (1); Boqueir\u00e3o (1); Brejo Do Cruz (1); Caapor\u00e3 (1); Cabedelo (22); Cajazeiras (5); Campina Grande (45); Catingueira(2); Conde (8); Congo (1); Coremas (1); Coxixola (1); Cruz do Esp\u00edrito Santo (3); Esperan\u00e7a (2); Guarabira (4); Gurinh\u00e9m (1); Igaracy (1); Itabaiana (2); Itapororoca (3); Jo\u00e3o Pessoa (436); Junco do Serid\u00f3 (3); Lagoa Seca (1); Lucena (1); Mari (1); Mariz\u00f3polis (3); Patos (13); Pedras de Fogo (4); Pombal (2); Queimadas (1); Riach\u00e3o do Po\u00e7o (1); Santa Rita (61); S\u00e3o Bento (4); S\u00e3o Jo\u00e3o do Rio do Peixe (5); S\u00e3o Jos\u00e9 do Bomfim (1); Sap\u00e9 (20); Serra Branca (1); Sousa (09); Tapero\u00e1 (2).<\/p>\n\n\n\n<p>Do total de casos confirmados, 149 se recuperaram. Um total de 1531 casos foi descartado.<\/p>\n\n\n\n<p>A Secret\u00e1ria de Estado da Sa\u00fade informou tamb\u00e9m que 44% dos leitos de UTI dispon\u00edveis atualmente na rede SUS para o tratamento da doen\u00e7a est\u00e3o ocupados.<\/p>\n\n\n\n<p>Ainda de acordo com a Secret\u00e1ria, os dados epidemiol\u00f3gicos e de ocupa\u00e7\u00e3o de leitos podem ser acompanhados em&nbsp;<a href=\"http:\/\/paraiba.pb.gov.br\/coronavirus\" target=\"_blank\" rel=\"noreferrer noopener\">paraiba.pb.gov.br\/coronavirus<\/a>&nbsp;.<\/p>\n\n\n\n<p><strong>Sobre os \u00f3bitos registrados nas \u00faltimas 24h:<\/strong><\/p>\n\n\n\n<p>\u2013 Homem, 76 anos, cardiopata, residente no munic\u00edpio de Santa Rita, \u00f3bito ocorrido no dia 16\/04,<\/p>\n\n\n\n<p>\u2013 Homem, 71 anos, residente de Jo\u00e3o Pessoa, cardiopata. \u00d3bito no dia 24\/04.<\/p>\n\n\n\n<p>\u2013 Homem, 63 anos, residente no munic\u00edpio de Bayeux, portador de HAS, etilista e tabagista. Deu entrada em servi\u00e7o p\u00fablico dia 22\/04 com febre, tosse, n\u00e1useas, dor abdominal e cefal\u00e9ia. \u00d3bito ocorrido em 26\/04.<\/p>\n\n\n\n<p>\u2013 Homem, 69 anos, residente no munic\u00edpio de Brejo do Cruz, portador de HAS e DPOC. Deu entrada em hospital p\u00fablico dia 22\/04, com tosse, dispn\u00e9ia e hipotens\u00e3o evoluindo com Pneumonia e insufici\u00eancia respirat\u00f3ria, indo a \u00f3bito dia 25\/04.<\/p>\n\n\n\n<p>\u2013 Homem, 79 anos, residente de santa Rita, in\u00edcio dos sintomas 25\/04\/2020, hipertenso, diabetes, doen\u00e7a cardiovascular, \u00f3bito em hospital p\u00fablico no dia 25\/04<\/p>\n","protected":false},"excerpt":{"rendered":"<p>O estado da Para\u00edba atingiu 699 casos de coronav\u00edrus. E o n\u00famero de mortes subiu para 58. \u00c9 o que informa o boletim da Secret\u00e1ria&hellip; <\/p>\n","protected":false},"author":2,"featured_media":166436,"comment_status":"closed","ping_status":"closed","sticky":false,"template":"","format":"standard","meta":{"sfsi_plus_gutenberg_text_before_share":"","sfsi_plus_gutenberg_show_text_before_share":"","sfsi_plus_gutenberg_icon_type":"","sfsi_plus_gutenberg_icon_alignemt":"","sfsi_plus_gutenburg_max_per_row":"","footnotes":""},"categories":[2],"tags":[],"class_list":["post-166435","post","type-post","status-publish","format-standard","has-post-thumbnail","hentry","category-geral"],"_links":{"self":[{"href":"https:\/\/www.caririemacao.com\/1\/wp-json\/wp\/v2\/posts\/166435","targetHints":{"allow":["GET"]}}],"collection":[{"href":"https:\/\/www.caririemacao.com\/1\/wp-json\/wp\/v2\/posts"}],"about":[{"href":"https:\/\/www.caririemacao.com\/1\/wp-json\/wp\/v2\/types\/post"}],"author":[{"embeddable":true,"href":"https:\/\/www.caririemacao.com\/1\/wp-json\/wp\/v2\/users\/2"}],"replies":[{"embeddable":true,"href":"https:\/\/www.caririemacao.com\/1\/wp-json\/wp\/v2\/comments?post=166435"}],"version-history":[{"count":1,"href":"https:\/\/www.caririemacao.com\/1\/wp-json\/wp\/v2\/posts\/166435\/revisions"}],"predecessor-version":[{"id":166437,"href":"https:\/\/www.caririemacao.com\/1\/wp-json\/wp\/v2\/posts\/166435\/revisions\/166437"}],"wp:featuredmedia":[{"embeddable":true,"href":"https:\/\/www.caririemacao.com\/1\/wp-json\/wp\/v2\/media\/166436"}],"wp:attachment":[{"href":"https:\/\/www.caririemacao.com\/1\/wp-json\/wp\/v2\/media?parent=166435"}],"wp:term":[{"taxonomy":"category","embeddable":true,"href":"https:\/\/www.caririemacao.com\/1\/wp-json\/wp\/v2\/categories?post=166435"},{"taxonomy":"post_tag","embeddable":true,"href":"https:\/\/www.caririemacao.com\/1\/wp-json\/wp\/v2\/tags?post=166435"}],"curies":[{"name":"wp","href":"https:\/\/api.w.org\/{rel}","templated":true}]}}