{"id":166439,"date":"2020-04-29T06:51:14","date_gmt":"2020-04-29T09:51:14","guid":{"rendered":"https:\/\/www.caririemacao.com\/1\/?p=166439"},"modified":"2020-04-29T06:51:14","modified_gmt":"2020-04-29T09:51:14","slug":"gestao-de-camalau-confirma-pagamento-dos-salarios-dos-servidores-de-forma-antecipada","status":"publish","type":"post","link":"https:\/\/www.caririemacao.com\/1\/2020\/04\/29\/gestao-de-camalau-confirma-pagamento-dos-salarios-dos-servidores-de-forma-antecipada\/","title":{"rendered":"Gest\u00e3o de Camala\u00fa confirma pagamento dos sal\u00e1rios dos servidores de forma antecipada"},"content":{"rendered":"\n<h3 class=\"wp-block-heading\"><\/h3>\n\n\n\n<p>O prefeito de Camala\u00fa Sandro M\u00f4co confirmou nesta ter\u00e7a feira, 28, que a gest\u00e3o municipal j\u00e1 est\u00e1 efetuando de forma antecipada o pagamento do funcionalismo p\u00fablico de Camala\u00fa.<br>De acordo com o prefeito, mesmo com a crise gerada pela pandemia do COVID-19, o compromisso est\u00e1 sendo mantido e os funcion\u00e1rios est\u00e3o recebendo mais uma vez dentro do m\u00eas trabalhado.<br>\u201cQueremos avisar aos funcion\u00e1rios municipais de Camala\u00fa, que iniciamos de forma antecipada o pagamento do funcionalismo neste dia 28 de abril de 2020. Mesmo com toda essa crise nacional, estamos mantendo o nosso compromisso de pagar dentro do m\u00eas trabalhado os nossos funcion\u00e1rios\u201d, confirmou o prefeito.<br>\u201cO dinheiro est\u00e1 sendo creditado nas suas respectivas contas. Todos juntos, vamos passar por este momento que assola o nosso pa\u00eds. Procurem ficar em casa, e s\u00f3 saiam em situa\u00e7\u00e3o de necessidade\u201d, acrescentou Sandro M\u00f4co.<br><strong>F\u00c1BIO BRITO<\/strong><\/p>\n","protected":false},"excerpt":{"rendered":"<p>O prefeito de Camala\u00fa Sandro M\u00f4co confirmou nesta ter\u00e7a feira, 28, que a gest\u00e3o municipal j\u00e1 est\u00e1 efetuando de forma antecipada o pagamento do funcionalismo&hellip; <\/p>\n","protected":false},"author":2,"featured_media":166440,"comment_status":"closed","ping_status":"closed","sticky":false,"template":"","format":"standard","meta":{"sfsi_plus_gutenberg_text_before_share":"","sfsi_plus_gutenberg_show_text_before_share":"","sfsi_plus_gutenberg_icon_type":"","sfsi_plus_gutenberg_icon_alignemt":"","sfsi_plus_gutenburg_max_per_row":"","footnotes":""},"categories":[50,2],"tags":[],"class_list":["post-166439","post","type-post","status-publish","format-standard","has-post-thumbnail","hentry","category-destaque","category-geral"],"_links":{"self":[{"href":"https:\/\/www.caririemacao.com\/1\/wp-json\/wp\/v2\/posts\/166439","targetHints":{"allow":["GET"]}}],"collection":[{"href":"https:\/\/www.caririemacao.com\/1\/wp-json\/wp\/v2\/posts"}],"about":[{"href":"https:\/\/www.caririemacao.com\/1\/wp-json\/wp\/v2\/types\/post"}],"author":[{"embeddable":true,"href":"https:\/\/www.caririemacao.com\/1\/wp-json\/wp\/v2\/users\/2"}],"replies":[{"embeddable":true,"href":"https:\/\/www.caririemacao.com\/1\/wp-json\/wp\/v2\/comments?post=166439"}],"version-history":[{"count":1,"href":"https:\/\/www.caririemacao.com\/1\/wp-json\/wp\/v2\/posts\/166439\/revisions"}],"predecessor-version":[{"id":166441,"href":"https:\/\/www.caririemacao.com\/1\/wp-json\/wp\/v2\/posts\/166439\/revisions\/166441"}],"wp:featuredmedia":[{"embeddable":true,"href":"https:\/\/www.caririemacao.com\/1\/wp-json\/wp\/v2\/media\/166440"}],"wp:attachment":[{"href":"https:\/\/www.caririemacao.com\/1\/wp-json\/wp\/v2\/media?parent=166439"}],"wp:term":[{"taxonomy":"category","embeddable":true,"href":"https:\/\/www.caririemacao.com\/1\/wp-json\/wp\/v2\/categories?post=166439"},{"taxonomy":"post_tag","embeddable":true,"href":"https:\/\/www.caririemacao.com\/1\/wp-json\/wp\/v2\/tags?post=166439"}],"curies":[{"name":"wp","href":"https:\/\/api.w.org\/{rel}","templated":true}]}}