{"id":166445,"date":"2020-04-29T06:56:40","date_gmt":"2020-04-29T09:56:40","guid":{"rendered":"https:\/\/www.caririemacao.com\/1\/?p=166445"},"modified":"2020-04-29T06:56:40","modified_gmt":"2020-04-29T09:56:40","slug":"divulgados-mais-de-700-registros-oficiais-de-aparicao-de-ovnis-no-brasil","status":"publish","type":"post","link":"https:\/\/www.caririemacao.com\/1\/2020\/04\/29\/divulgados-mais-de-700-registros-oficiais-de-aparicao-de-ovnis-no-brasil\/","title":{"rendered":"Divulgados mais de 700 registros oficiais de apari\u00e7\u00e3o de OVNIs no Brasil"},"content":{"rendered":"\n<h1 class=\"wp-block-heading\"><\/h1>\n\n\n\n<p> O Arquivo Nacional (AN), \u00f3rg\u00e3o vinculado ao Minist\u00e9rio da Justi\u00e7a, disponibiliza de forma digital mais de 700 arquivos digitalizados de fotos, \u00e1udios, v\u00eddeos e relatos de Objetos Voadores N\u00e3o-Identificados (OVNIs) feitos por civis e militares no Brasil.<\/p>\n\n\n\n<p>Um OVNI \u00e9 qualquer objeto em espa\u00e7o a\u00e9reo que n\u00e3o seja imediatamente identificado, podendo variar entre bal\u00f5es metereol\u00f3gicos, drones, fen\u00f4menos atmosf\u00e9ricos, animais e aeronaves de outros pa\u00edses em voos n\u00e3o-autorizados.&nbsp;<\/p>\n\n\n\n<p>O primeiro registro do Arquivo Nacional data de 1952 e o mais recente, de 2016.<\/p>\n\n\n\n<figure class=\"wp-block-image\"><img decoding=\"async\" data-src=\"https:\/\/www.clickpb.com.br\/media\/filer_public\/e0\/99\/e0992714-2b24-4247-9579-6a6205e18136\/foto-ovni-1.png\" alt=\"\" src=\"data:image\/svg+xml;base64,PHN2ZyB3aWR0aD0iMSIgaGVpZ2h0PSIxIiB4bWxucz0iaHR0cDovL3d3dy53My5vcmcvMjAwMC9zdmciPjwvc3ZnPg==\" class=\"lazyload\" \/><\/figure>\n\n\n\n<p><strong>Primeiro registro<\/strong><\/p>\n\n\n\n<p>O primeiro registro de OVNI no Brasil aconteceu na Barra da Tijuca, no Rio de Janeiro, e foi realizado com fotografia. O objeto \u00e9 comparado \u00e0 nave DC-5 na primeira foto. Por\u00e9m, as outras fotografias mostram que ele tinha formato de disco, lembrando um prato.&nbsp;<\/p>\n\n\n\n<p>O respons\u00e1vel pela equipe de processamento t\u00e9cnico do acervo da Coordena\u00e7\u00e3o Regional do Arquivo Nacional no Distrito Federal (COREG) e t\u00e9cnico em assuntos culturais do AN, Raynes Castro, conta que h\u00e1 suspeitas de montagem nas fotografias, mas que, particularmente, ele n\u00e3o acredita na hip\u00f3tese.\u00a0<\/p>\n\n\n\n<p>\u201cAcho pouco prov\u00e1vel. Para mim elas s\u00e3o originais. At\u00e9 porque naquela \u00e9poca n\u00e3o existia manipula\u00e7\u00e3o de imagens como existe hoje em dia\u201d, afirma Raynes.<\/p>\n\n\n\n<p><strong>A Noite Oficial dos OVNIs<\/strong><\/p>\n\n\n\n<p>Em 19 de maio de 1986, os radares do Centro Integrado de Defesa A\u00e9rea e Controle de Tr\u00e1fego A\u00e9reo (Cindacta) detectaram 21 objetos voadores n\u00e3o-identificados no espa\u00e7o a\u00e9reo brasileiro.&nbsp;<\/p>\n\n\n\n<p><\/p>\n\n\n\n<p>Cinco jatos da For\u00e7a A\u00e9rea Brasileira (FAB) foram enviados para persegui\u00e7\u00e3o, mas nenhum obteve sucesso.<\/p>\n\n\n\n<p>Os OVNIs foram detectados em S\u00e3o Paulo, Goi\u00e1s e Rio de Janeiro. Nenhum dos ca\u00e7as conseguiu alcan\u00e7\u00e1-los e eles desapareceram.<\/p>\n","protected":false},"excerpt":{"rendered":"<p>O Arquivo Nacional (AN), \u00f3rg\u00e3o vinculado ao Minist\u00e9rio da Justi\u00e7a, disponibiliza de forma digital mais de 700 arquivos digitalizados de fotos, \u00e1udios, v\u00eddeos e relatos&hellip; <\/p>\n","protected":false},"author":2,"featured_media":166446,"comment_status":"closed","ping_status":"closed","sticky":false,"template":"","format":"standard","meta":{"sfsi_plus_gutenberg_text_before_share":"","sfsi_plus_gutenberg_show_text_before_share":"","sfsi_plus_gutenberg_icon_type":"","sfsi_plus_gutenberg_icon_alignemt":"","sfsi_plus_gutenburg_max_per_row":"","footnotes":""},"categories":[2],"tags":[],"class_list":["post-166445","post","type-post","status-publish","format-standard","has-post-thumbnail","hentry","category-geral"],"_links":{"self":[{"href":"https:\/\/www.caririemacao.com\/1\/wp-json\/wp\/v2\/posts\/166445","targetHints":{"allow":["GET"]}}],"collection":[{"href":"https:\/\/www.caririemacao.com\/1\/wp-json\/wp\/v2\/posts"}],"about":[{"href":"https:\/\/www.caririemacao.com\/1\/wp-json\/wp\/v2\/types\/post"}],"author":[{"embeddable":true,"href":"https:\/\/www.caririemacao.com\/1\/wp-json\/wp\/v2\/users\/2"}],"replies":[{"embeddable":true,"href":"https:\/\/www.caririemacao.com\/1\/wp-json\/wp\/v2\/comments?post=166445"}],"version-history":[{"count":1,"href":"https:\/\/www.caririemacao.com\/1\/wp-json\/wp\/v2\/posts\/166445\/revisions"}],"predecessor-version":[{"id":166447,"href":"https:\/\/www.caririemacao.com\/1\/wp-json\/wp\/v2\/posts\/166445\/revisions\/166447"}],"wp:featuredmedia":[{"embeddable":true,"href":"https:\/\/www.caririemacao.com\/1\/wp-json\/wp\/v2\/media\/166446"}],"wp:attachment":[{"href":"https:\/\/www.caririemacao.com\/1\/wp-json\/wp\/v2\/media?parent=166445"}],"wp:term":[{"taxonomy":"category","embeddable":true,"href":"https:\/\/www.caririemacao.com\/1\/wp-json\/wp\/v2\/categories?post=166445"},{"taxonomy":"post_tag","embeddable":true,"href":"https:\/\/www.caririemacao.com\/1\/wp-json\/wp\/v2\/tags?post=166445"}],"curies":[{"name":"wp","href":"https:\/\/api.w.org\/{rel}","templated":true}]}}