{"id":166449,"date":"2020-04-29T07:08:09","date_gmt":"2020-04-29T10:08:09","guid":{"rendered":"https:\/\/www.caririemacao.com\/1\/?p=166449"},"modified":"2020-04-29T07:08:09","modified_gmt":"2020-04-29T10:08:09","slug":"manutencao-de-700-respiradores-sera-feita-pelo-senai-apos-parceria-com-o-governo-da-paraiba","status":"publish","type":"post","link":"https:\/\/www.caririemacao.com\/1\/2020\/04\/29\/manutencao-de-700-respiradores-sera-feita-pelo-senai-apos-parceria-com-o-governo-da-paraiba\/","title":{"rendered":"Manuten\u00e7\u00e3o de 700 respiradores ser\u00e1 feita pelo Senai, ap\u00f3s parceria com o Governo da Para\u00edba"},"content":{"rendered":"\n<h1 class=\"wp-block-heading\"><\/h1>\n\n\n\n<p>A manuten\u00e7\u00e3o de 700 respiradores destinados aos tratamentos da Covid-19 na Para\u00edba ser\u00e1 feita pelo&nbsp;Servi\u00e7o Nacional da Ind\u00fastria (Senai), ap\u00f3s parceria firmada com 0 Governo da Para\u00edba, nesta ter\u00e7a-feira (28).&nbsp;A a\u00e7\u00e3o faz parte do projeto &#8220;+Manuten\u00e7\u00e3o de Respiradores&#8221;, desenvolvido pelo Senai em v\u00e1rios estados.&nbsp;<\/p>\n\n\n\n<p>Na segunda-feira (27), o governador Jo\u00e3o Azev\u00eado anunciou a aquisi\u00e7\u00e3o de 105 respiradores para concluir a instala\u00e7\u00e3o das Unidades de Terapia Intensiva (UTI), destinadas a pacientes com covid-19, conforme prev\u00ea o Plano de Conting\u00eancia Estadual, elevando para cerca de 700 o n\u00famero de equipamentos dispon\u00edveis no Estado.<\/p>\n\n\n\n<p>Ao todo, est\u00e3o sendo investidos na aquisi\u00e7\u00e3o dos 105 respiradores R$ 19,9 milh\u00f5es, sendo R$ 14 milh\u00f5es do Tesouro Estadual, R$ 4,9 milh\u00f5es de emendas parlamentares e R$ 1 milh\u00e3o doados pelo Minist\u00e9rio P\u00fablico do Trabalho (MPT).&nbsp;<\/p>\n\n\n\n<p><strong>LEIA MAIS<\/strong>:&nbsp;<a href=\"https:\/\/www.clickpb.com.br\/saude\/paraiba-recebera-30-respiradores-no-sabado-e-aumentara-numero-de-leitos-de-uti-para-pacientes-com-coronavirus-283024.html\">Para\u00edba receber\u00e1 30 respiradores no s\u00e1bado e aumentar\u00e1 n\u00famero de leitos de UTI para pacientes com coronav\u00edrus<\/a><br>&nbsp;<br>Na parceria com o Senai, o Governo do Estado ficar\u00e1 respons\u00e1vel pela centraliza\u00e7\u00e3o dos respiradores mec\u00e2nicos que apresentarem defeito durante a pandemia, recebendo inclusive equipamentos defeituosos dos munic\u00edpios. O trabalho ser\u00e1 realizado pelo Instituto Senai de Tecnologia em Automa\u00e7\u00e3o Industrial, localizado no bairro da Prata, em Campina Grande, atuando na manuten\u00e7\u00e3o, calibragem e triagem dos equipamentos.<br>&nbsp;<br>&#8220;O objetivo do Senai \u00e9 assegurar a vida das pessoas, dando uma resposta a esta crise. Para isso, adaptamos nossa estrutura, buscando assistir o nosso estado nessa importante miss\u00e3o\u201d, enfatizou Euler Sales, diretor Regional do Senai na Para\u00edba.<br>&nbsp;<br>O projeto &#8220;+Manuten\u00e7\u00e3o de Respiradores&#8221; est\u00e1 sendo executado em 19 estados pelo Senai, contando com a parceria da iniciativa privada e Governo Federal.<\/p>\n\n\n\n<p><\/p>\n\n\n\n<p> A manuten\u00e7\u00e3o de 700 respiradores destinados aos tratamentos da Covid-19 na Para\u00edba ser\u00e1 feita pelo\u00a0Servi\u00e7o Nacional da Ind\u00fastria (Senai), ap\u00f3s parceria firmada com 0 Governo da Para\u00edba, nesta ter\u00e7a-feira (28).\u00a0A a\u00e7\u00e3o faz parte do projeto &#8220;+Manuten\u00e7\u00e3o de Respiradores&#8221;, desenvolvido pelo Senai em v\u00e1rios estados.\u00a0<\/p>\n\n\n\n<p>Na segunda-feira (27), o governador Jo\u00e3o Azev\u00eado anunciou a aquisi\u00e7\u00e3o de 105 respiradores para concluir a instala\u00e7\u00e3o das Unidades de Terapia Intensiva (UTI), destinadas a pacientes com covid-19, conforme prev\u00ea o Plano de Conting\u00eancia Estadual, elevando para cerca de 700 o n\u00famero de equipamentos dispon\u00edveis no Estado.<\/p>\n\n\n\n<p>Ao todo, est\u00e3o sendo investidos na aquisi\u00e7\u00e3o dos 105 respiradores R$ 19,9 milh\u00f5es, sendo R$ 14 milh\u00f5es do Tesouro Estadual, R$ 4,9 milh\u00f5es de emendas parlamentares e R$ 1 milh\u00e3o doados pelo Minist\u00e9rio P\u00fablico do Trabalho (MPT).&nbsp;<\/p>\n\n\n\n<p><br>\u00a0<br>Na parceria com o Senai, o Governo do Estado ficar\u00e1 respons\u00e1vel pela centraliza\u00e7\u00e3o dos respiradores mec\u00e2nicos que apresentarem defeito durante a pandemia, recebendo inclusive equipamentos defeituosos dos munic\u00edpios. O trabalho ser\u00e1 realizado pelo Instituto Senai de Tecnologia em Automa\u00e7\u00e3o Industrial, localizado no bairro da Prata, em Campina Grande, atuando na manuten\u00e7\u00e3o, calibragem e triagem dos equipamentos.<br>\u00a0<br>&#8220;O objetivo do Senai \u00e9 assegurar a vida das pessoas, dando uma resposta a esta crise. Para isso, adaptamos nossa estrutura, buscando assistir o nosso estado nessa importante miss\u00e3o\u201d, enfatizou Euler Sales, diretor Regional do Senai na Para\u00edba.<br>\u00a0<br>O projeto &#8220;+Manuten\u00e7\u00e3o de Respiradores&#8221; est\u00e1 sendo executado em 19 estados pelo Senai, contando com a parceria da iniciativa privada e Governo Federal.<\/p>\n","protected":false},"excerpt":{"rendered":"<p>A manuten\u00e7\u00e3o de 700 respiradores destinados aos tratamentos da Covid-19 na Para\u00edba ser\u00e1 feita pelo&nbsp;Servi\u00e7o Nacional da Ind\u00fastria (Senai), ap\u00f3s parceria firmada com 0 Governo&hellip; <\/p>\n","protected":false},"author":2,"featured_media":166452,"comment_status":"closed","ping_status":"closed","sticky":false,"template":"","format":"standard","meta":{"sfsi_plus_gutenberg_text_before_share":"","sfsi_plus_gutenberg_show_text_before_share":"","sfsi_plus_gutenberg_icon_type":"","sfsi_plus_gutenberg_icon_alignemt":"","sfsi_plus_gutenburg_max_per_row":"","footnotes":""},"categories":[2],"tags":[],"class_list":["post-166449","post","type-post","status-publish","format-standard","has-post-thumbnail","hentry","category-geral"],"_links":{"self":[{"href":"https:\/\/www.caririemacao.com\/1\/wp-json\/wp\/v2\/posts\/166449","targetHints":{"allow":["GET"]}}],"collection":[{"href":"https:\/\/www.caririemacao.com\/1\/wp-json\/wp\/v2\/posts"}],"about":[{"href":"https:\/\/www.caririemacao.com\/1\/wp-json\/wp\/v2\/types\/post"}],"author":[{"embeddable":true,"href":"https:\/\/www.caririemacao.com\/1\/wp-json\/wp\/v2\/users\/2"}],"replies":[{"embeddable":true,"href":"https:\/\/www.caririemacao.com\/1\/wp-json\/wp\/v2\/comments?post=166449"}],"version-history":[{"count":1,"href":"https:\/\/www.caririemacao.com\/1\/wp-json\/wp\/v2\/posts\/166449\/revisions"}],"predecessor-version":[{"id":166453,"href":"https:\/\/www.caririemacao.com\/1\/wp-json\/wp\/v2\/posts\/166449\/revisions\/166453"}],"wp:featuredmedia":[{"embeddable":true,"href":"https:\/\/www.caririemacao.com\/1\/wp-json\/wp\/v2\/media\/166452"}],"wp:attachment":[{"href":"https:\/\/www.caririemacao.com\/1\/wp-json\/wp\/v2\/media?parent=166449"}],"wp:term":[{"taxonomy":"category","embeddable":true,"href":"https:\/\/www.caririemacao.com\/1\/wp-json\/wp\/v2\/categories?post=166449"},{"taxonomy":"post_tag","embeddable":true,"href":"https:\/\/www.caririemacao.com\/1\/wp-json\/wp\/v2\/tags?post=166449"}],"curies":[{"name":"wp","href":"https:\/\/api.w.org\/{rel}","templated":true}]}}