{"id":166451,"date":"2020-04-29T07:11:10","date_gmt":"2020-04-29T10:11:10","guid":{"rendered":"https:\/\/www.caririemacao.com\/1\/?p=166451"},"modified":"2020-04-29T07:11:10","modified_gmt":"2020-04-29T10:11:10","slug":"desembargador-do-tj-diz-em-resposta-a-stf-que-defesa-de-rc-ja-tem-acesso-as-delacoes","status":"publish","type":"post","link":"https:\/\/www.caririemacao.com\/1\/2020\/04\/29\/desembargador-do-tj-diz-em-resposta-a-stf-que-defesa-de-rc-ja-tem-acesso-as-delacoes\/","title":{"rendered":"Desembargador do TJ diz em resposta a STF que defesa de RC j\u00e1 tem acesso \u00e0s dela\u00e7\u00f5es"},"content":{"rendered":"\n<p>O desembargador Ricardo Vital emitiu nesta ter\u00e7a-feira (28) resposta ao ministro do Supremo Tribunal Federal (STF) Gilmar Mendes, afirmado que a defesa de Ricardo Coutinho j\u00e1 tem acesso a dela\u00e7\u00f5es premiadas feitas no \u00e2mbito da&nbsp;Opera\u00e7\u00e3o Calv\u00e1rio. A declara\u00e7\u00e3o foi dada como resposta a uma determina\u00e7\u00e3o do ministro pedido pela defesa do ex-governador Ricardo Coutinho.<\/p>\n\n\n\n<p>De acordo com o desembargador, os pedidos formulados pelo reclamante e a an\u00e1lise deles, j\u00e1&nbsp;est\u00e3o disponibilizadas aos denunciados.<\/p>\n\n\n\n<p>\u201cJ\u00e1 est\u00e1 dispon\u00edvel \u00e0 defesa o inteiro teor\u00a0das colabora\u00e7\u00f5es premiadas referidas pelo reclamante e mencionadas na den\u00fancia, \u00e0 exce\u00e7\u00e3o dos pactos colaborativos firmados por Michele Louzada Cardoso e Daniel Gomes da Silva, que\u00a0foram realizados junto \u00e0\u00a0Procuradoria Geral da Rep\u00fablica (em Bras\u00edlia-DF) e homologadas pelo STJ,\u00a0o qual compartilhou com o TJPB somente os anexos com repercuss\u00e3o no Estado\u00a0da Para\u00edba,\u00a0cabendo ressaltar que todos os anexos utilizados na den\u00fancia,\u00a0referentes a estas duas \u00faltimas colabora\u00e7\u00f5es, restaram disponibilizados \u00e0 defesa,\u00a0em m\u00eddia anexa nos autos.\u201d<\/p>\n\n\n\n<p>Com Expresso Not\u00edcias da Para\u00edba<\/p>\n","protected":false},"excerpt":{"rendered":"<p>O desembargador Ricardo Vital emitiu nesta ter\u00e7a-feira (28) resposta ao ministro do Supremo Tribunal Federal (STF) Gilmar Mendes, afirmado que a defesa de Ricardo Coutinho&hellip; <\/p>\n","protected":false},"author":1,"featured_media":166457,"comment_status":"closed","ping_status":"closed","sticky":false,"template":"","format":"standard","meta":{"sfsi_plus_gutenberg_text_before_share":"","sfsi_plus_gutenberg_show_text_before_share":"","sfsi_plus_gutenberg_icon_type":"","sfsi_plus_gutenberg_icon_alignemt":"","sfsi_plus_gutenburg_max_per_row":"","footnotes":""},"categories":[11],"tags":[],"class_list":["post-166451","post","type-post","status-publish","format-standard","has-post-thumbnail","hentry","category-politica"],"_links":{"self":[{"href":"https:\/\/www.caririemacao.com\/1\/wp-json\/wp\/v2\/posts\/166451","targetHints":{"allow":["GET"]}}],"collection":[{"href":"https:\/\/www.caririemacao.com\/1\/wp-json\/wp\/v2\/posts"}],"about":[{"href":"https:\/\/www.caririemacao.com\/1\/wp-json\/wp\/v2\/types\/post"}],"author":[{"embeddable":true,"href":"https:\/\/www.caririemacao.com\/1\/wp-json\/wp\/v2\/users\/1"}],"replies":[{"embeddable":true,"href":"https:\/\/www.caririemacao.com\/1\/wp-json\/wp\/v2\/comments?post=166451"}],"version-history":[{"count":1,"href":"https:\/\/www.caririemacao.com\/1\/wp-json\/wp\/v2\/posts\/166451\/revisions"}],"predecessor-version":[{"id":166459,"href":"https:\/\/www.caririemacao.com\/1\/wp-json\/wp\/v2\/posts\/166451\/revisions\/166459"}],"wp:featuredmedia":[{"embeddable":true,"href":"https:\/\/www.caririemacao.com\/1\/wp-json\/wp\/v2\/media\/166457"}],"wp:attachment":[{"href":"https:\/\/www.caririemacao.com\/1\/wp-json\/wp\/v2\/media?parent=166451"}],"wp:term":[{"taxonomy":"category","embeddable":true,"href":"https:\/\/www.caririemacao.com\/1\/wp-json\/wp\/v2\/categories?post=166451"},{"taxonomy":"post_tag","embeddable":true,"href":"https:\/\/www.caririemacao.com\/1\/wp-json\/wp\/v2\/tags?post=166451"}],"curies":[{"name":"wp","href":"https:\/\/api.w.org\/{rel}","templated":true}]}}