{"id":166460,"date":"2020-04-29T07:13:16","date_gmt":"2020-04-29T10:13:16","guid":{"rendered":"https:\/\/www.caririemacao.com\/1\/?p=166460"},"modified":"2020-04-29T07:13:16","modified_gmt":"2020-04-29T10:13:16","slug":"joao-azevedo-diz-que-alem-da-crise-do-coronavirus-estados-lidam-com-crise-politica-para-liberacao-de-recursos-pelo-congresso","status":"publish","type":"post","link":"https:\/\/www.caririemacao.com\/1\/2020\/04\/29\/joao-azevedo-diz-que-alem-da-crise-do-coronavirus-estados-lidam-com-crise-politica-para-liberacao-de-recursos-pelo-congresso\/","title":{"rendered":"Jo\u00e3o Azev\u00eado diz que, al\u00e9m da crise do coronav\u00edrus, estados lidam com crise pol\u00edtica para libera\u00e7\u00e3o de recursos pelo Congresso"},"content":{"rendered":"\n<h1 class=\"wp-block-heading\"><\/h1>\n\n\n\n<p>Durante entrevista ao programa Arapuan Verdade, na tarde desta ter\u00e7a-feira (28) o governador da Para\u00edba Jo\u00e3o Azev\u00eado explicou que&nbsp;os estados est\u00e3o tendo que lidar com uma crise pol\u00edtica, al\u00e9m da crise gerada pela pandemia do coronav\u00edrus.<\/p>\n\n\n\n<p>&#8220;Infelizmente pela crise pol\u00edtica,&nbsp;n\u00e3o bastasse a crise do coronav\u00edrus, temos que viver com uma briga no Congresso,&nbsp;que piora o andamento da vota\u00e7\u00e3o de projetos essenciais para os estados&#8221;, esclareceu.&nbsp;<\/p>\n\n\n\n<p>Ainda segundo ele, o momento \u00e9 de garantir o pagamento dos sal\u00e1rios e cobrar que o Congresso aprove os recursos para que os estados consigam manter a estrutura de combate ao coronav\u00edrus.&nbsp;&#8220;Estamos fazendo o pagamento, mas se comprometer com o aumento \u00e9 complicado. Nossa meta \u00e9 manter os pagamentos.&#8221;<\/p>\n","protected":false},"excerpt":{"rendered":"<p>Durante entrevista ao programa Arapuan Verdade, na tarde desta ter\u00e7a-feira (28) o governador da Para\u00edba Jo\u00e3o Azev\u00eado explicou que&nbsp;os estados est\u00e3o tendo que lidar com&hellip; <\/p>\n","protected":false},"author":2,"featured_media":166462,"comment_status":"closed","ping_status":"closed","sticky":false,"template":"","format":"standard","meta":{"sfsi_plus_gutenberg_text_before_share":"","sfsi_plus_gutenberg_show_text_before_share":"","sfsi_plus_gutenberg_icon_type":"","sfsi_plus_gutenberg_icon_alignemt":"","sfsi_plus_gutenburg_max_per_row":"","footnotes":""},"categories":[11],"tags":[],"class_list":["post-166460","post","type-post","status-publish","format-standard","has-post-thumbnail","hentry","category-politica"],"_links":{"self":[{"href":"https:\/\/www.caririemacao.com\/1\/wp-json\/wp\/v2\/posts\/166460","targetHints":{"allow":["GET"]}}],"collection":[{"href":"https:\/\/www.caririemacao.com\/1\/wp-json\/wp\/v2\/posts"}],"about":[{"href":"https:\/\/www.caririemacao.com\/1\/wp-json\/wp\/v2\/types\/post"}],"author":[{"embeddable":true,"href":"https:\/\/www.caririemacao.com\/1\/wp-json\/wp\/v2\/users\/2"}],"replies":[{"embeddable":true,"href":"https:\/\/www.caririemacao.com\/1\/wp-json\/wp\/v2\/comments?post=166460"}],"version-history":[{"count":1,"href":"https:\/\/www.caririemacao.com\/1\/wp-json\/wp\/v2\/posts\/166460\/revisions"}],"predecessor-version":[{"id":166463,"href":"https:\/\/www.caririemacao.com\/1\/wp-json\/wp\/v2\/posts\/166460\/revisions\/166463"}],"wp:featuredmedia":[{"embeddable":true,"href":"https:\/\/www.caririemacao.com\/1\/wp-json\/wp\/v2\/media\/166462"}],"wp:attachment":[{"href":"https:\/\/www.caririemacao.com\/1\/wp-json\/wp\/v2\/media?parent=166460"}],"wp:term":[{"taxonomy":"category","embeddable":true,"href":"https:\/\/www.caririemacao.com\/1\/wp-json\/wp\/v2\/categories?post=166460"},{"taxonomy":"post_tag","embeddable":true,"href":"https:\/\/www.caririemacao.com\/1\/wp-json\/wp\/v2\/tags?post=166460"}],"curies":[{"name":"wp","href":"https:\/\/api.w.org\/{rel}","templated":true}]}}