{"id":166467,"date":"2020-04-29T07:17:45","date_gmt":"2020-04-29T10:17:45","guid":{"rendered":"https:\/\/www.caririemacao.com\/1\/?p=166467"},"modified":"2020-04-29T07:17:45","modified_gmt":"2020-04-29T10:17:45","slug":"prefeitura-de-monteiro-antecipa-pagamentos-dos-funcionarios-municipais","status":"publish","type":"post","link":"https:\/\/www.caririemacao.com\/1\/2020\/04\/29\/prefeitura-de-monteiro-antecipa-pagamentos-dos-funcionarios-municipais\/","title":{"rendered":"Prefeitura de Monteiro antecipa pagamentos dos funcion\u00e1rios municipais"},"content":{"rendered":"\n<h1 class=\"wp-block-heading\"><\/h1>\n\n\n\n<p><\/p>\n\n\n\n<p>A Prefeitura de Monteiro deu in\u00edcio ao pagamento da folha do funcionalismo municipal nesta segunda-feira, 27.Os primeiros a receber os vencimentos foram os pensionistas, inativos e aposentados.&nbsp; Nesta ter\u00e7a-feira, 28, recebem os profissionais lotados na Secretaria de Sa\u00fade. J\u00e1 na quarta-feira, 29, recebem os funcion\u00e1rios da Secretaria de Educa\u00e7\u00e3o e por fim, na quinta-feira os demais servidores. Os cr\u00e9ditos acontecem sempre ap\u00f3s o meio dia.Mesmo em meio \u00e0 crise em que o pa\u00eds, e mais especificamente o munic\u00edpio se encontra, devido \u00e0 diminui\u00e7\u00e3o da arrecada\u00e7\u00e3o dos impostos, a prefeita Anna Lorena tem realizado o pagamento dos servidores dentro do m\u00eas trabalhado, assim como tem honrado o compromisso com os fornecedores.<\/p>\n\n\n\n<p>Al\u00e9m de cumprir estas metas, a prefeita Anna Lorena este m\u00eas incluiu na folha de pessoal a gratifica\u00e7\u00e3o de incentivo aos funcion\u00e1rios &nbsp;da sa\u00fade que est\u00e3o na linha de frente no combate ao coronav\u00edrus.<\/p>\n\n\n\n<p>\u201cO equil\u00edbrio financeiro praticado pela administra\u00e7\u00e3o desde o in\u00edcio da gest\u00e3o tem garantido o pagamento dentro do m\u00eas trabalhado, al\u00e9m das gratifica\u00e7\u00f5es ao pessoal da sa\u00fade, a prefeita implantou anteriormente o pagamento da insalubridade e adicional de periculosidade os profissionais da sa\u00fade e infraestrutura. Deste modo estamos enfrentando esta pandemia com nossas finan\u00e7as em dias\u201d, informou a secret\u00e1ria de Finan\u00e7as, Rosilda Henrique.<\/p>\n\n\n\n<p>O pagamento da folha de pessoal do funcionalismo Municipal injeta aproximadamente R$ 2,8 milh\u00f5es na economia do munic\u00edpio, aquecendo o com\u00e9rcio local.<\/p>\n\n\n\n<p>Ao anunciar a libera\u00e7\u00e3o da folha de pessoal dividido em quatro dias, evitando assim maiores aglomera\u00e7\u00f5es, a prefeita Anna Lorena recomendou que os servidores municipais usem seus aplicados para movimentar suas contas banc\u00e1rias, evitando se deslocarem at\u00e9 as ag\u00eancias.<\/p>\n","protected":false},"excerpt":{"rendered":"<p>A Prefeitura de Monteiro deu in\u00edcio ao pagamento da folha do funcionalismo municipal nesta segunda-feira, 27.Os primeiros a receber os vencimentos foram os pensionistas, inativos&hellip; <\/p>\n","protected":false},"author":2,"featured_media":166468,"comment_status":"closed","ping_status":"closed","sticky":false,"template":"","format":"standard","meta":{"sfsi_plus_gutenberg_text_before_share":"","sfsi_plus_gutenberg_show_text_before_share":"","sfsi_plus_gutenberg_icon_type":"","sfsi_plus_gutenberg_icon_alignemt":"","sfsi_plus_gutenburg_max_per_row":"","footnotes":""},"categories":[50,2],"tags":[],"class_list":["post-166467","post","type-post","status-publish","format-standard","has-post-thumbnail","hentry","category-destaque","category-geral"],"_links":{"self":[{"href":"https:\/\/www.caririemacao.com\/1\/wp-json\/wp\/v2\/posts\/166467","targetHints":{"allow":["GET"]}}],"collection":[{"href":"https:\/\/www.caririemacao.com\/1\/wp-json\/wp\/v2\/posts"}],"about":[{"href":"https:\/\/www.caririemacao.com\/1\/wp-json\/wp\/v2\/types\/post"}],"author":[{"embeddable":true,"href":"https:\/\/www.caririemacao.com\/1\/wp-json\/wp\/v2\/users\/2"}],"replies":[{"embeddable":true,"href":"https:\/\/www.caririemacao.com\/1\/wp-json\/wp\/v2\/comments?post=166467"}],"version-history":[{"count":1,"href":"https:\/\/www.caririemacao.com\/1\/wp-json\/wp\/v2\/posts\/166467\/revisions"}],"predecessor-version":[{"id":166469,"href":"https:\/\/www.caririemacao.com\/1\/wp-json\/wp\/v2\/posts\/166467\/revisions\/166469"}],"wp:featuredmedia":[{"embeddable":true,"href":"https:\/\/www.caririemacao.com\/1\/wp-json\/wp\/v2\/media\/166468"}],"wp:attachment":[{"href":"https:\/\/www.caririemacao.com\/1\/wp-json\/wp\/v2\/media?parent=166467"}],"wp:term":[{"taxonomy":"category","embeddable":true,"href":"https:\/\/www.caririemacao.com\/1\/wp-json\/wp\/v2\/categories?post=166467"},{"taxonomy":"post_tag","embeddable":true,"href":"https:\/\/www.caririemacao.com\/1\/wp-json\/wp\/v2\/tags?post=166467"}],"curies":[{"name":"wp","href":"https:\/\/api.w.org\/{rel}","templated":true}]}}