{"id":166473,"date":"2020-04-29T07:22:03","date_gmt":"2020-04-29T10:22:03","guid":{"rendered":"https:\/\/www.caririemacao.com\/1\/?p=166473"},"modified":"2020-04-29T07:22:03","modified_gmt":"2020-04-29T10:22:03","slug":"carro-utilizado-em-homicidio-em-nova-floresta-e-encontrado-incendiado","status":"publish","type":"post","link":"https:\/\/www.caririemacao.com\/1\/2020\/04\/29\/carro-utilizado-em-homicidio-em-nova-floresta-e-encontrado-incendiado\/","title":{"rendered":"Carro utilizado em homic\u00eddio, em Nova Floresta, \u00e9 encontrado incendiado"},"content":{"rendered":"\n<h1 class=\"wp-block-heading\"><\/h1>\n\n\n\n<p>O ve\u00edculo que teria sido utilizado em um&nbsp;<strong><a href=\"https:\/\/www.novapalmeiraoficial.com.br\/2020\/04\/homem-morre-em-nova-floresta-ao-ser.html?m=0\">homic\u00eddio na manh\u00e3 desta ter\u00e7a-feira(28) na cidade de Nova Floresta<\/a><\/strong>, Curimata\u00fa paraibano, foi encontrado incendiado, poucas horas ap\u00f3s o crime. A pol\u00edcia n\u00e3o conseguiu localizar os criminosos.<\/p>\n\n\n\n<p>A fuma\u00e7a foi notada por populares, que acionaram a pol\u00edcia. Ao chegar no local, por volta do meio dia, os policiais ainda encontraram o autom\u00f3vel, modelo Gol, em chamas dentro de um buraco, em uma regi\u00e3o de vegeta\u00e7\u00e3o pr\u00f3ximo a zona urbana da cidade.<\/p>\n\n\n\n<p><strong>O crime<\/strong><\/p>\n\n\n\n<p>A pol\u00edcia suspeita que o ve\u00edculo pode ser o mesmo utilizado em um homic\u00eddio registrado na manh\u00e3 desta ter\u00e7a-feira (28) no Centro da cidade.<\/p>\n\n\n\n<p>Era por volta das 8h30, quando a v\u00edtima, identificada como Galego de Saliel, foi surpreendida por homens em um ve\u00edculo Gol branco, que j\u00e1 chegaram atirando.<\/p>\n\n\n\n<p>Galego foi atingido por v\u00e1rios tiros e morreu na hora. A pol\u00edcia ainda n\u00e3o sabe o que teria motivado o crime.<\/p>\n\n\n\n<p>O Estopim<\/p>\n","protected":false},"excerpt":{"rendered":"<p>O ve\u00edculo que teria sido utilizado em um&nbsp;homic\u00eddio na manh\u00e3 desta ter\u00e7a-feira(28) na cidade de Nova Floresta, Curimata\u00fa paraibano, foi encontrado incendiado, poucas horas ap\u00f3s&hellip; <\/p>\n","protected":false},"author":2,"featured_media":166474,"comment_status":"closed","ping_status":"closed","sticky":false,"template":"","format":"standard","meta":{"sfsi_plus_gutenberg_text_before_share":"","sfsi_plus_gutenberg_show_text_before_share":"","sfsi_plus_gutenberg_icon_type":"","sfsi_plus_gutenberg_icon_alignemt":"","sfsi_plus_gutenburg_max_per_row":"","footnotes":""},"categories":[2],"tags":[],"class_list":["post-166473","post","type-post","status-publish","format-standard","has-post-thumbnail","hentry","category-geral"],"_links":{"self":[{"href":"https:\/\/www.caririemacao.com\/1\/wp-json\/wp\/v2\/posts\/166473","targetHints":{"allow":["GET"]}}],"collection":[{"href":"https:\/\/www.caririemacao.com\/1\/wp-json\/wp\/v2\/posts"}],"about":[{"href":"https:\/\/www.caririemacao.com\/1\/wp-json\/wp\/v2\/types\/post"}],"author":[{"embeddable":true,"href":"https:\/\/www.caririemacao.com\/1\/wp-json\/wp\/v2\/users\/2"}],"replies":[{"embeddable":true,"href":"https:\/\/www.caririemacao.com\/1\/wp-json\/wp\/v2\/comments?post=166473"}],"version-history":[{"count":1,"href":"https:\/\/www.caririemacao.com\/1\/wp-json\/wp\/v2\/posts\/166473\/revisions"}],"predecessor-version":[{"id":166475,"href":"https:\/\/www.caririemacao.com\/1\/wp-json\/wp\/v2\/posts\/166473\/revisions\/166475"}],"wp:featuredmedia":[{"embeddable":true,"href":"https:\/\/www.caririemacao.com\/1\/wp-json\/wp\/v2\/media\/166474"}],"wp:attachment":[{"href":"https:\/\/www.caririemacao.com\/1\/wp-json\/wp\/v2\/media?parent=166473"}],"wp:term":[{"taxonomy":"category","embeddable":true,"href":"https:\/\/www.caririemacao.com\/1\/wp-json\/wp\/v2\/categories?post=166473"},{"taxonomy":"post_tag","embeddable":true,"href":"https:\/\/www.caririemacao.com\/1\/wp-json\/wp\/v2\/tags?post=166473"}],"curies":[{"name":"wp","href":"https:\/\/api.w.org\/{rel}","templated":true}]}}