{"id":166477,"date":"2020-04-29T07:25:56","date_gmt":"2020-04-29T10:25:56","guid":{"rendered":"https:\/\/www.caririemacao.com\/1\/?p=166477"},"modified":"2020-04-29T07:25:56","modified_gmt":"2020-04-29T10:25:56","slug":"homem-e-morto-a-tiros-em-bar-na-paraiba","status":"publish","type":"post","link":"https:\/\/www.caririemacao.com\/1\/2020\/04\/29\/homem-e-morto-a-tiros-em-bar-na-paraiba\/","title":{"rendered":"Homem \u00e9 morto a tiros em bar na Paraiba"},"content":{"rendered":"\n<h1 class=\"wp-block-heading\"><\/h1>\n\n\n\n<p>Um homem de 30 anos foi morto a tiros na noite de domingo (26), na zona rural do munic\u00edpio de Catol\u00e9 do Rocha, no Sert\u00e3o da Para\u00edba. De acordo com a Pol\u00edcia Militar, a v\u00edtima sofreu v\u00e1rios disparos de arma de fogo.<\/p>\n\n\n\n<p>Segundo a pol\u00edcia, uma testemunha informou que a v\u00edtima estava em um bar com quatro amigos, quando tr\u00eas suspeitos chegaram em uma moto e efetuaram os disparos. A v\u00edtima n\u00e3o resistiu aos ferimentos e morreu no local.<\/p>\n\n\n\n<p>Conforme a PM, a v\u00edtima tinha passagem pela pol\u00edcia e ainda n\u00e3o se sabe o que pode ter motivado o crime. A pol\u00edcia fez buscas na regi\u00e3o, mas nenhum dos suspeitos foi identificado.<\/p>\n","protected":false},"excerpt":{"rendered":"<p>Um homem de 30 anos foi morto a tiros na noite de domingo (26), na zona rural do munic\u00edpio de Catol\u00e9 do Rocha, no Sert\u00e3o&hellip; <\/p>\n","protected":false},"author":2,"featured_media":166478,"comment_status":"closed","ping_status":"closed","sticky":false,"template":"","format":"standard","meta":{"sfsi_plus_gutenberg_text_before_share":"","sfsi_plus_gutenberg_show_text_before_share":"","sfsi_plus_gutenberg_icon_type":"","sfsi_plus_gutenberg_icon_alignemt":"","sfsi_plus_gutenburg_max_per_row":"","footnotes":""},"categories":[12],"tags":[],"class_list":["post-166477","post","type-post","status-publish","format-standard","has-post-thumbnail","hentry","category-policia"],"_links":{"self":[{"href":"https:\/\/www.caririemacao.com\/1\/wp-json\/wp\/v2\/posts\/166477","targetHints":{"allow":["GET"]}}],"collection":[{"href":"https:\/\/www.caririemacao.com\/1\/wp-json\/wp\/v2\/posts"}],"about":[{"href":"https:\/\/www.caririemacao.com\/1\/wp-json\/wp\/v2\/types\/post"}],"author":[{"embeddable":true,"href":"https:\/\/www.caririemacao.com\/1\/wp-json\/wp\/v2\/users\/2"}],"replies":[{"embeddable":true,"href":"https:\/\/www.caririemacao.com\/1\/wp-json\/wp\/v2\/comments?post=166477"}],"version-history":[{"count":1,"href":"https:\/\/www.caririemacao.com\/1\/wp-json\/wp\/v2\/posts\/166477\/revisions"}],"predecessor-version":[{"id":166479,"href":"https:\/\/www.caririemacao.com\/1\/wp-json\/wp\/v2\/posts\/166477\/revisions\/166479"}],"wp:featuredmedia":[{"embeddable":true,"href":"https:\/\/www.caririemacao.com\/1\/wp-json\/wp\/v2\/media\/166478"}],"wp:attachment":[{"href":"https:\/\/www.caririemacao.com\/1\/wp-json\/wp\/v2\/media?parent=166477"}],"wp:term":[{"taxonomy":"category","embeddable":true,"href":"https:\/\/www.caririemacao.com\/1\/wp-json\/wp\/v2\/categories?post=166477"},{"taxonomy":"post_tag","embeddable":true,"href":"https:\/\/www.caririemacao.com\/1\/wp-json\/wp\/v2\/tags?post=166477"}],"curies":[{"name":"wp","href":"https:\/\/api.w.org\/{rel}","templated":true}]}}