{"id":166482,"date":"2020-04-29T07:58:32","date_gmt":"2020-04-29T10:58:32","guid":{"rendered":"https:\/\/www.caririemacao.com\/1\/?p=166482"},"modified":"2020-04-29T07:58:32","modified_gmt":"2020-04-29T10:58:32","slug":"covid-19-municipio-de-conde-tem-08-casos-confirmados-e-54-pessoas-em-isolamento-domiciliar","status":"publish","type":"post","link":"https:\/\/www.caririemacao.com\/1\/2020\/04\/29\/covid-19-municipio-de-conde-tem-08-casos-confirmados-e-54-pessoas-em-isolamento-domiciliar\/","title":{"rendered":"Covid-19: Munic\u00edpio de Conde tem 08 casos confirmados e 54 pessoas em isolamento domiciliar"},"content":{"rendered":"\n<p><br>O munic\u00edpio de Conde tem atualmente 08 casos confirmados, 06 em investiga\u00e7\u00e3o (Aguardando o resultado do teste), 13 descartados, 54 pessoas em isolamento domiciliar sem coleta, 01 \u00f3bito e 03 recuperados pelo novo coronav\u00edrus (Covid-19).<\/p>\n\n\n\n<p>Veja abaixo quais s\u00e3o os casos confirmados:<\/p>\n\n\n\n<p><strong>&#8211;<\/strong> 1\u00b0 Caso: Homem, 18 anos, Loteamento Cidade das Crian\u00e7as. Recuperado; <strong>&#8211;<\/strong> 2\u00b0 Caso: Mulher, 90 anos, Loteamento Nossa Senhora da Concei\u00e7\u00e3o, internada em estado est\u00e1vel; <strong>&#8211;<\/strong> 3\u00b0 Caso: homem, 37 anos, Loteamento Nossa Senhora da Concei\u00e7\u00e3o. Recuperado; <strong>&#8211;<\/strong> 4\u00b0 Caso e 1\u00b0 \u00f3bito: Homem, 50 anos, Boa \u00c1gua, estava hospitalizado; <strong>&#8211;<\/strong> 5\u00b0 Caso: Homem 32 anos, morador de Carapibus. Segue em Isolamento Domiciliar; <strong>&#8211;<\/strong> 6\u00b0 Caso: Mulher, 57 anos, sem comorbidades, moradora do Jardim Recreio, primeiros sintomas dia 17\/04, com coleta realizada. Apresentou dor de garganta, febre e tosse. Segue em Isolamento Domiciliar; <strong>&#8211;<\/strong> 7\u00ba Caso: Mulher, 53 anos, sem comorbidades, moradora do Loteamento Cidade das Crian\u00e7as, primeiros sintomas dia 17\/04, com coleta realizada. Apresentou dor de garganta, febre, tosse e dificuldade de respirar. Segue em Isolamento Domiciliar; <strong>&#8211;<\/strong> 8\u00ba Caso: Mulher, 35 anos, sem comorbididaes, moradora do Loteamento Nossa Senhora da Concei\u00e7\u00e3o, primeiros sintomas dia 06\/04, realizou coleta para an\u00e1lise laboratorial. Apresentou dor de garganta, febre, tosse e dificuldade para respirar, sendo orientada a seguir o Isolamento Domiciliar. A mesma est\u00e1 recuperada.<\/p>\n\n\n\n<p>Os 54 casos em isolamento domiciliar s\u00e3o pessoas que apresentaram s\u00edndrome gripal e como medida preventiva, \u00e9 recomendado o isolamento com monitoramento das equipes da Vigil\u00e2ncia Epidemiol\u00f3gica e das Unidades B\u00e1sicas de Sa\u00fade. Os treze casos descartados foram de pessoas que apresentaram sintomas mais fortes e tamb\u00e9m tinham outras comorbidades, testaram e n\u00e3o tiveram resultados positivos para Covid-19. Os seis casos em investiga\u00e7\u00e3o fizeram o teste e est\u00e3o aguardando o resultado. A popula\u00e7\u00e3o tamb\u00e9m tem a Plataforma Sentinelas da Sa\u00fade Web no Portal da Prefeitura de Conde, onde podem ser encontradas mais informa\u00e7\u00f5es. Qualquer d\u00favida, entre em contato pelo telefone (83) 9.8187-6740.<\/p>\n\n\n\n<p><\/p>\n\n\n\n<p><\/p>\n\n\n\n<p>Com M\u00e1rio Sorretino<\/p>\n","protected":false},"excerpt":{"rendered":"<p>O munic\u00edpio de Conde tem atualmente 08 casos confirmados, 06 em investiga\u00e7\u00e3o (Aguardando o resultado do teste), 13 descartados, 54 pessoas em isolamento domiciliar sem&hellip; <\/p>\n","protected":false},"author":1,"featured_media":166483,"comment_status":"closed","ping_status":"closed","sticky":false,"template":"","format":"standard","meta":{"sfsi_plus_gutenberg_text_before_share":"","sfsi_plus_gutenberg_show_text_before_share":"","sfsi_plus_gutenberg_icon_type":"","sfsi_plus_gutenberg_icon_alignemt":"","sfsi_plus_gutenburg_max_per_row":"","footnotes":""},"categories":[6,50],"tags":[],"class_list":["post-166482","post","type-post","status-publish","format-standard","has-post-thumbnail","hentry","category-cidades","category-destaque"],"_links":{"self":[{"href":"https:\/\/www.caririemacao.com\/1\/wp-json\/wp\/v2\/posts\/166482","targetHints":{"allow":["GET"]}}],"collection":[{"href":"https:\/\/www.caririemacao.com\/1\/wp-json\/wp\/v2\/posts"}],"about":[{"href":"https:\/\/www.caririemacao.com\/1\/wp-json\/wp\/v2\/types\/post"}],"author":[{"embeddable":true,"href":"https:\/\/www.caririemacao.com\/1\/wp-json\/wp\/v2\/users\/1"}],"replies":[{"embeddable":true,"href":"https:\/\/www.caririemacao.com\/1\/wp-json\/wp\/v2\/comments?post=166482"}],"version-history":[{"count":1,"href":"https:\/\/www.caririemacao.com\/1\/wp-json\/wp\/v2\/posts\/166482\/revisions"}],"predecessor-version":[{"id":166484,"href":"https:\/\/www.caririemacao.com\/1\/wp-json\/wp\/v2\/posts\/166482\/revisions\/166484"}],"wp:featuredmedia":[{"embeddable":true,"href":"https:\/\/www.caririemacao.com\/1\/wp-json\/wp\/v2\/media\/166483"}],"wp:attachment":[{"href":"https:\/\/www.caririemacao.com\/1\/wp-json\/wp\/v2\/media?parent=166482"}],"wp:term":[{"taxonomy":"category","embeddable":true,"href":"https:\/\/www.caririemacao.com\/1\/wp-json\/wp\/v2\/categories?post=166482"},{"taxonomy":"post_tag","embeddable":true,"href":"https:\/\/www.caririemacao.com\/1\/wp-json\/wp\/v2\/tags?post=166482"}],"curies":[{"name":"wp","href":"https:\/\/api.w.org\/{rel}","templated":true}]}}