{"id":166485,"date":"2020-04-29T08:07:25","date_gmt":"2020-04-29T11:07:25","guid":{"rendered":"https:\/\/www.caririemacao.com\/1\/?p=166485"},"modified":"2020-04-29T08:07:25","modified_gmt":"2020-04-29T11:07:25","slug":"policia-investiga-suposto-enforcamento-de-oficial-de-justica-dentro-de-matagal","status":"publish","type":"post","link":"https:\/\/www.caririemacao.com\/1\/2020\/04\/29\/policia-investiga-suposto-enforcamento-de-oficial-de-justica-dentro-de-matagal\/","title":{"rendered":"Pol\u00edcia investiga suposto enforcamento de Oficial de Justi\u00e7a dentro de matagal"},"content":{"rendered":"\n<h3 class=\"wp-block-heading\">Corpo foi encontrado na manh\u00e3 da \u00faltima ter\u00e7a-feira, 28, no Altiplano Cabo Branco<\/h3>\n\n\n\n<p>Dever\u00e1 ser divulgado nos pr\u00f3ximos 15 dias o laudo da per\u00edcia t\u00e9cnica que pode indicar as causas da morte do oficial de Justi\u00e7a, Eduardo Barbosa das Chagas.<\/p>\n\n\n\n<figure class=\"wp-block-image\"><img decoding=\"async\" data-src=\"https:\/\/i0.wp.com\/blogdomarcoslima.com.br\/wp-content\/uploads\/2020\/04\/policia-investiga-suposto-enforcamento-de-oficial-de-justica-dentro-de-matagal-1.jpg?resize=300%2C274&amp;ssl=1\" alt=\"\" class=\"wp-image-31349 lazyload\" src=\"data:image\/svg+xml;base64,PHN2ZyB3aWR0aD0iMSIgaGVpZ2h0PSIxIiB4bWxucz0iaHR0cDovL3d3dy53My5vcmcvMjAwMC9zdmciPjwvc3ZnPg==\" \/><figcaption>Eduardo estavva desaparecido desde a semana passada<\/figcaption><\/figure>\n\n\n\n<p>O corpo dele foi localizado na manh\u00e3 desta ter\u00e7a-feira (28), numa mata localizada no Altiplano Cabo Branco, durante buscas realizadas pela Pol\u00edcia Civil e Corpo de Bombeiros que usaram c\u00e3es farejadores no trabalho.<\/p>\n\n\n\n<p>O cad\u00e1ver estava em local de dif\u00edcil acesso, nas imedia\u00e7\u00f5es de uma rua que liga os bairros do Altiplano e Cabo Branco.<\/p>\n\n\n\n<p>Eduardo estava desaparecido desde o \u00faltimo dia 22, quando foi visto, saindo de uma resid\u00eancia, no bairro de Cabo Branco, em Jo\u00e3o Pessoa.<\/p>\n\n\n\n<p>Desde que foi informada do caso, a equipe da Delegacia de Crimes Contra Pessoa de Jo\u00e3o Pessoa (DCCPES\/JP) estava realizando dilig\u00eancias para localizar o oficial.<\/p>\n\n\n\n<p>\u201cDesde a \u00faltima sexta-feira, agentes da DCCPES vinham realizando dilig\u00eancias, coletando imagens de c\u00e2meras de seguran\u00e7a, entrevistando familiares e realizando busca domiciliar, para descobrir o paradeiro do at\u00e9 ent\u00e3o desaparecido\u201d, afirmou o delegado Carlos Othon, da DCCPes.<\/p>\n\n\n\n<p>\u201cAp\u00f3s montar um verdadeiro quebra-cabe\u00e7a, identificando o suic\u00eddio como principal linha de investiga\u00e7\u00e3o, nossa equipe , delimitou a mata da barreira do Altiplano\/Cabo Branco como um poss\u00edvel local de buscas\u201d, acrescentou o delegado.<\/p>\n\n\n\n<p>O corpo foi localizado pelo pr\u00f3prio delegado, durante buscas realizadas por equipes da DCCPES. O corpo estava com sinais de suposto enforcamento. No entanto, a Pol\u00edcia Civil vai aguardar a conclus\u00e3o da per\u00edcia que indicar\u00e1 a real causa da morte.<\/p>\n\n\n\n<p>\u201cImportante ressaltar a presteza e brilhante trabalho realizado pelos bombeiros, utilizando v\u00e1rias t\u00e9cnicas para o resgate do corpo, como rapel, c\u00e3o farejador e cilindros de oxig\u00eanio\u201d, declarou o delegado .<\/p>\n\n\n\n<p>Ap\u00f3s o resgate, o corpo foi levado para o Instituto de Pol\u00edcia Cient\u00edfica para ser periciado.<\/p>\n\n\n\n<p>Assessoria de imprensa da Pol\u00edcia Civil da Para\u00edba<\/p>\n\n\n\n<figure class=\"wp-block-image\"><img decoding=\"async\" data-src=\"https:\/\/i0.wp.com\/blogdomarcoslima.com.br\/wp-content\/uploads\/2020\/04\/policia-investiga-suposto-enforcamento-de-oficial-de-justica-dentro-de-matagal-2.jpg?resize=225%2C300&amp;ssl=1\" alt=\"\" class=\"wp-image-31350 lazyload\" src=\"data:image\/svg+xml;base64,PHN2ZyB3aWR0aD0iMSIgaGVpZ2h0PSIxIiB4bWxucz0iaHR0cDovL3d3dy53My5vcmcvMjAwMC9zdmciPjwvc3ZnPg==\" \/><\/figure>\n\n\n\n<figure class=\"wp-block-image\"><img decoding=\"async\" data-src=\"https:\/\/i2.wp.com\/blogdomarcoslima.com.br\/wp-content\/uploads\/2020\/04\/policia-investiga-suposto-enforcamento-de-oficial-de-justica-dentro-de-matagal-3.jpg?resize=225%2C300&amp;ssl=1\" alt=\"\" class=\"wp-image-31351 lazyload\" src=\"data:image\/svg+xml;base64,PHN2ZyB3aWR0aD0iMSIgaGVpZ2h0PSIxIiB4bWxucz0iaHR0cDovL3d3dy53My5vcmcvMjAwMC9zdmciPjwvc3ZnPg==\" \/><\/figure>\n\n\n\n<p>Com Blog Marcos Lima<\/p>\n","protected":false},"excerpt":{"rendered":"<p>Corpo foi encontrado na manh\u00e3 da \u00faltima ter\u00e7a-feira, 28, no Altiplano Cabo Branco Dever\u00e1 ser divulgado nos pr\u00f3ximos 15 dias o laudo da per\u00edcia t\u00e9cnica&hellip; <\/p>\n","protected":false},"author":1,"featured_media":166486,"comment_status":"closed","ping_status":"closed","sticky":false,"template":"","format":"standard","meta":{"sfsi_plus_gutenberg_text_before_share":"","sfsi_plus_gutenberg_show_text_before_share":"","sfsi_plus_gutenberg_icon_type":"","sfsi_plus_gutenberg_icon_alignemt":"","sfsi_plus_gutenburg_max_per_row":"","footnotes":""},"categories":[12],"tags":[],"class_list":["post-166485","post","type-post","status-publish","format-standard","has-post-thumbnail","hentry","category-policia"],"_links":{"self":[{"href":"https:\/\/www.caririemacao.com\/1\/wp-json\/wp\/v2\/posts\/166485","targetHints":{"allow":["GET"]}}],"collection":[{"href":"https:\/\/www.caririemacao.com\/1\/wp-json\/wp\/v2\/posts"}],"about":[{"href":"https:\/\/www.caririemacao.com\/1\/wp-json\/wp\/v2\/types\/post"}],"author":[{"embeddable":true,"href":"https:\/\/www.caririemacao.com\/1\/wp-json\/wp\/v2\/users\/1"}],"replies":[{"embeddable":true,"href":"https:\/\/www.caririemacao.com\/1\/wp-json\/wp\/v2\/comments?post=166485"}],"version-history":[{"count":1,"href":"https:\/\/www.caririemacao.com\/1\/wp-json\/wp\/v2\/posts\/166485\/revisions"}],"predecessor-version":[{"id":166487,"href":"https:\/\/www.caririemacao.com\/1\/wp-json\/wp\/v2\/posts\/166485\/revisions\/166487"}],"wp:featuredmedia":[{"embeddable":true,"href":"https:\/\/www.caririemacao.com\/1\/wp-json\/wp\/v2\/media\/166486"}],"wp:attachment":[{"href":"https:\/\/www.caririemacao.com\/1\/wp-json\/wp\/v2\/media?parent=166485"}],"wp:term":[{"taxonomy":"category","embeddable":true,"href":"https:\/\/www.caririemacao.com\/1\/wp-json\/wp\/v2\/categories?post=166485"},{"taxonomy":"post_tag","embeddable":true,"href":"https:\/\/www.caririemacao.com\/1\/wp-json\/wp\/v2\/tags?post=166485"}],"curies":[{"name":"wp","href":"https:\/\/api.w.org\/{rel}","templated":true}]}}