{"id":166488,"date":"2020-04-29T08:11:00","date_gmt":"2020-04-29T11:11:00","guid":{"rendered":"https:\/\/www.caririemacao.com\/1\/?p=166488"},"modified":"2020-04-29T08:11:00","modified_gmt":"2020-04-29T11:11:00","slug":"paraiba-recebera-30-respiradores-no-sabado-e-aumentara-numero-de-leitos-de-uti-para-pacientes-com-covid-19","status":"publish","type":"post","link":"https:\/\/www.caririemacao.com\/1\/2020\/04\/29\/paraiba-recebera-30-respiradores-no-sabado-e-aumentara-numero-de-leitos-de-uti-para-pacientes-com-covid-19\/","title":{"rendered":"Para\u00edba receber\u00e1 30 respiradores no s\u00e1bado e aumentar\u00e1 n\u00famero de leitos de UTI para pacientes com Covid-19"},"content":{"rendered":"\n<p>O governador Jo\u00e3o Azev\u00eado anunciou que a Para\u00edba receber\u00e1, no s\u00e1bado (2), 30 dos 105 respiradores que foram comprados pelo governo estadual para o combate ao novo coronav\u00edrus. Com isso, o Estado ter\u00e1 mais 30 leitos de UTI (Unidade de Terapia Intensiva) para os pacientes infectados pela Covid-19. A informa\u00e7\u00e3o foi divulgada pelo gestor em entrevista ao Rede Verdade, da TV Arapuan, nesta ter\u00e7a-feira (28). Os outros 75 respiradores devem chegar no dia 15 de maio.<\/p>\n\n\n\n<p>Ele relatou a falta de apoio do Governo Federal. \u201cA Para\u00edba \u00e9 um estado que n\u00e3o recebeu nenhum leito de UTI ainda do Minist\u00e9rio da Sa\u00fade. Estamos comprando esses respiradores. Chegam no s\u00e1bado 30 (respiradores). Ser\u00e3o 30 UTI\u2019s que ficar\u00e3o disponibilizadas para a popula\u00e7\u00e3o.\u201d<\/p>\n\n\n\n<p>Mas Jo\u00e3o Azev\u00eado alertou que n\u00e3o \u00e9 poss\u00edvel aumentar, sem limites, o n\u00famero de leitos para o combate ao coronav\u00edrus e pediu consci\u00eancia da popula\u00e7\u00e3o. \u201cPor maior o esfor\u00e7o que a gente fa\u00e7a de implanta\u00e7\u00e3o de novas UTI\u2019s, elas poder\u00e3o ser absorvidas rapidamente se a popula\u00e7\u00e3o n\u00e3o entender a necessidade de manter o isolamento. \u00c9 fundamental para que os leitos (de UTI) ocupados \u2013 que levam em m\u00e9dia 14 dias de ocupa\u00e7\u00e3o e mais sete dias de leitos de enfermaria, ou seja, um paciente leva 21 dias de interna\u00e7\u00e3o at\u00e9 sair curado \u2013 que esse leito possa ser reutilizado, mas \u00e9 preciso que haja um tempo.\u201d<\/p>\n\n\n\n<p>O governador relatou que h\u00e1 outros leitos a serem implantados, mas que, por falta de equipamentos, ainda n\u00e3o foram montados pelo Estado e pelas prefeituras de Jo\u00e3o Pessoa e Campina Grande. \u201cN\u00f3s temos um plano de conting\u00eancia, que prev\u00ea um determinado n\u00famero de UTI\u2019s a serem instaladas para o atendimento em toda a pandemia. Desses leitos, alguns ainda faltam ser implantados pelo Estado, alguns pela Prefeitura de Jo\u00e3o Pessoa, e outros por parte da Prefeitura de Campina Grande. \u00c9 claro que isso se deve pela dificuldade que estamos tendo de adquirir o respiradores porque a concentra\u00e7\u00e3o de produ\u00e7\u00e3o desses respiradores ficou na China. Voc\u00ea importar hoje \u00e9 uma verdadeira loucura em termos de processos. Mas estamos conseguindo atrav\u00e9s do Cons\u00f3rcio (Nordeste).\u201d<\/p>\n\n\n\n<p>O gestor argumentou que n\u00e3o h\u00e1 n\u00famero de equipamentos e de pessoal suficiente para aumentar as vagas em hospitais se as pessoas continuarem a descumprir a quarentena. \u201cIsso n\u00e3o garante, absolutamente, de que todos esse leitos que ser\u00e3o quase 400 dispon\u00edveis para (casos de) Covid-19, v\u00e3o ficar respondendo \u00e0 toda demanda da popula\u00e7\u00e3o se houver um grande n\u00famero de contamina\u00e7\u00e3o. As pessoas precisam entender que \u00e9 imposs\u00edvel abrir um n\u00famero indefinido de leitos porque falta equipamento e falta pessoal para cuidar essas UTI\u2019s. Ent\u00e3o estamos ampliando hoje o n\u00famero de UTI\u2019s. Mas tem um limite. N\u00e3o d\u00e1 para aumentar o n\u00famero de leitos de forma indefinida porque temos limite de pessoal e de equipamentos.\u201d<\/p>\n\n\n\n<p><em>Click PB<\/em><\/p>\n","protected":false},"excerpt":{"rendered":"<p>O governador Jo\u00e3o Azev\u00eado anunciou que a Para\u00edba receber\u00e1, no s\u00e1bado (2), 30 dos 105 respiradores que foram comprados pelo governo estadual para o combate&hellip; <\/p>\n","protected":false},"author":1,"featured_media":166489,"comment_status":"closed","ping_status":"closed","sticky":false,"template":"","format":"standard","meta":{"sfsi_plus_gutenberg_text_before_share":"","sfsi_plus_gutenberg_show_text_before_share":"","sfsi_plus_gutenberg_icon_type":"","sfsi_plus_gutenberg_icon_alignemt":"","sfsi_plus_gutenburg_max_per_row":"","footnotes":""},"categories":[50,16],"tags":[],"class_list":["post-166488","post","type-post","status-publish","format-standard","has-post-thumbnail","hentry","category-destaque","category-saude"],"_links":{"self":[{"href":"https:\/\/www.caririemacao.com\/1\/wp-json\/wp\/v2\/posts\/166488","targetHints":{"allow":["GET"]}}],"collection":[{"href":"https:\/\/www.caririemacao.com\/1\/wp-json\/wp\/v2\/posts"}],"about":[{"href":"https:\/\/www.caririemacao.com\/1\/wp-json\/wp\/v2\/types\/post"}],"author":[{"embeddable":true,"href":"https:\/\/www.caririemacao.com\/1\/wp-json\/wp\/v2\/users\/1"}],"replies":[{"embeddable":true,"href":"https:\/\/www.caririemacao.com\/1\/wp-json\/wp\/v2\/comments?post=166488"}],"version-history":[{"count":1,"href":"https:\/\/www.caririemacao.com\/1\/wp-json\/wp\/v2\/posts\/166488\/revisions"}],"predecessor-version":[{"id":166490,"href":"https:\/\/www.caririemacao.com\/1\/wp-json\/wp\/v2\/posts\/166488\/revisions\/166490"}],"wp:featuredmedia":[{"embeddable":true,"href":"https:\/\/www.caririemacao.com\/1\/wp-json\/wp\/v2\/media\/166489"}],"wp:attachment":[{"href":"https:\/\/www.caririemacao.com\/1\/wp-json\/wp\/v2\/media?parent=166488"}],"wp:term":[{"taxonomy":"category","embeddable":true,"href":"https:\/\/www.caririemacao.com\/1\/wp-json\/wp\/v2\/categories?post=166488"},{"taxonomy":"post_tag","embeddable":true,"href":"https:\/\/www.caririemacao.com\/1\/wp-json\/wp\/v2\/tags?post=166488"}],"curies":[{"name":"wp","href":"https:\/\/api.w.org\/{rel}","templated":true}]}}