{"id":166491,"date":"2020-04-29T08:26:04","date_gmt":"2020-04-29T11:26:04","guid":{"rendered":"https:\/\/www.caririemacao.com\/1\/?p=166491"},"modified":"2020-04-29T08:26:04","modified_gmt":"2020-04-29T11:26:04","slug":"confusao-por-causa-de-mascara-termina-com-morte-de-uma-mulher-em-supermercado","status":"publish","type":"post","link":"https:\/\/www.caririemacao.com\/1\/2020\/04\/29\/confusao-por-causa-de-mascara-termina-com-morte-de-uma-mulher-em-supermercado\/","title":{"rendered":"Confus\u00e3o por causa de m\u00e1scara termina com morte de uma mulher em supermercado"},"content":{"rendered":"\n<p>Uma confus\u00e3o entre um seguran\u00e7a de um supermercado e um homem que tentava entrar no estabelecimento sem m\u00e1scara terminou na morte de uma mulher na tarde desta ter\u00e7a-feira (28), em Arauc\u00e1ria, na Regi\u00e3o Metropolitana de Curitiba, segundo a Guarda Municipal (GM).<\/p>\n\n\n\n<p>A Guarda Municipal,,. informou que a mulher, que \u00e9 funcion\u00e1ria do supermercado, foi baleada ap\u00f3s a confus\u00e3o entre os dois homens. A Rede Condor lamentou o caso e disse que um funcion\u00e1rio da empresa e um seguran\u00e7a terceirizado foram agredidos pelo cliente.&nbsp;<strong><em>Leia a nota na \u00edntegra mais abaixo.<\/em><\/strong><\/p>\n\n\n\n<p>Segundo a GM, o seguran\u00e7a do estabelecimento tentou impedir que o cliente entrasse no supermercado sem m\u00e1scara. O uso do equipamento \u00e9 obrigat\u00f3rio no com\u00e9rcio da cidade, segundo a Guarda Municipal, por causa da pandemia do novo coronav\u00edrus.<\/p>\n\n\n\n<p>A GM disse que houve luta corporal entre o seguran\u00e7a e o cliente. Na sequ\u00eancia, o seguran\u00e7a atirou, mas acabou atingindo a mulher, segundo a Guarda Municipal.<\/p>\n\n\n\n<p>O cliente que estava sem m\u00e1scara tamb\u00e9m ficou ferido e foi encaminhado para um hospital de Curitiba. O seguran\u00e7a envolvido no caso foi levado para a delegacia.<\/p>\n\n\n\n<h3 class=\"wp-block-heading\">Veja a \u00edntegra da nota da rede de Supermercados Condor<\/h3>\n\n\n\n<p><em>\u201cA rede lamenta profundamente o ocorrido em sua loja de Arauc\u00e1ria e informa que est\u00e1 prestando todo o apoio e ajuda \u00e0 fam\u00edlia.<\/em><\/p>\n\n\n\n<p><em>A empresa tamb\u00e9m est\u00e1 contribuindo com as investiga\u00e7\u00f5es e prestando todos os esclarecimentos necess\u00e1rios para que as autoridades esclare\u00e7am os fatos.<\/em><\/p>\n\n\n\n<p><em>Segundo informa\u00e7\u00f5es obtidas pela Guarda Municipal de Arauc\u00e1ria, o incidente foi desencadeado por um cliente que tentou entrar no estabelecimento sem m\u00e1scara e, que ao ser informado sobre o decreto Municipal que exige o uso da EPI, agrediu o funcion\u00e1rio, que inclusive tentou oferecer uma m\u00e1scara da empresa, sem custo, para que ele pudesse fazer as suas compras.<\/em><\/p>\n\n\n\n<p><em>O funcion\u00e1rio agredido pediu ajuda pelo r\u00e1dio para empresa terceirizada de seguran\u00e7a. O cliente e o vigilante estavam calmamente se direcionando para a entrada da loja, onde o cliente iniciou uma s\u00e9rie de agress\u00f5es contra o vigilante e tentou pegar a arma do seguran\u00e7a.<\/em><\/p>\n\n\n\n<p><em>Houve um disparo que atingiu de rasp\u00e3o o cliente agressor e um disparo que atingiu a fiscal de loja, que estava tentando apaziguar a situa\u00e7\u00e3o e prestar os esclarecimentos sobre os decretos.\u201d<\/em><\/p>\n\n\n\n<h3 class=\"wp-block-heading\">Nota do Grupo Protege<\/h3>\n\n\n\n<p><em>\u201cA empresa lamenta profundamente o ocorrido e presta total solidariedade \u00e0 fam\u00edlia e aos amigos da v\u00edtima. Informamos que empresa est\u00e1 colaborando com as autoridades na busca de informa\u00e7\u00f5es que possam contribuir para a investiga\u00e7\u00e3o do caso.\u201d<\/em><\/p>\n\n\n\n<p>Fonte: globo.com<\/p>\n","protected":false},"excerpt":{"rendered":"<p>Uma confus\u00e3o entre um seguran\u00e7a de um supermercado e um homem que tentava entrar no estabelecimento sem m\u00e1scara terminou na morte de uma mulher na&hellip; <\/p>\n","protected":false},"author":1,"featured_media":166492,"comment_status":"closed","ping_status":"closed","sticky":false,"template":"","format":"standard","meta":{"sfsi_plus_gutenberg_text_before_share":"","sfsi_plus_gutenberg_show_text_before_share":"","sfsi_plus_gutenberg_icon_type":"","sfsi_plus_gutenberg_icon_alignemt":"","sfsi_plus_gutenburg_max_per_row":"","footnotes":""},"categories":[50],"tags":[],"class_list":["post-166491","post","type-post","status-publish","format-standard","has-post-thumbnail","hentry","category-destaque"],"_links":{"self":[{"href":"https:\/\/www.caririemacao.com\/1\/wp-json\/wp\/v2\/posts\/166491","targetHints":{"allow":["GET"]}}],"collection":[{"href":"https:\/\/www.caririemacao.com\/1\/wp-json\/wp\/v2\/posts"}],"about":[{"href":"https:\/\/www.caririemacao.com\/1\/wp-json\/wp\/v2\/types\/post"}],"author":[{"embeddable":true,"href":"https:\/\/www.caririemacao.com\/1\/wp-json\/wp\/v2\/users\/1"}],"replies":[{"embeddable":true,"href":"https:\/\/www.caririemacao.com\/1\/wp-json\/wp\/v2\/comments?post=166491"}],"version-history":[{"count":1,"href":"https:\/\/www.caririemacao.com\/1\/wp-json\/wp\/v2\/posts\/166491\/revisions"}],"predecessor-version":[{"id":166493,"href":"https:\/\/www.caririemacao.com\/1\/wp-json\/wp\/v2\/posts\/166491\/revisions\/166493"}],"wp:featuredmedia":[{"embeddable":true,"href":"https:\/\/www.caririemacao.com\/1\/wp-json\/wp\/v2\/media\/166492"}],"wp:attachment":[{"href":"https:\/\/www.caririemacao.com\/1\/wp-json\/wp\/v2\/media?parent=166491"}],"wp:term":[{"taxonomy":"category","embeddable":true,"href":"https:\/\/www.caririemacao.com\/1\/wp-json\/wp\/v2\/categories?post=166491"},{"taxonomy":"post_tag","embeddable":true,"href":"https:\/\/www.caririemacao.com\/1\/wp-json\/wp\/v2\/tags?post=166491"}],"curies":[{"name":"wp","href":"https:\/\/api.w.org\/{rel}","templated":true}]}}