{"id":166494,"date":"2020-04-29T08:28:10","date_gmt":"2020-04-29T11:28:10","guid":{"rendered":"https:\/\/www.caririemacao.com\/1\/?p=166494"},"modified":"2020-04-29T08:28:10","modified_gmt":"2020-04-29T11:28:10","slug":"policial-militar-e-baleado-durante-troca-de-tiros-com-assaltantes-no-municipio-de-taperoa","status":"publish","type":"post","link":"https:\/\/www.caririemacao.com\/1\/2020\/04\/29\/policial-militar-e-baleado-durante-troca-de-tiros-com-assaltantes-no-municipio-de-taperoa\/","title":{"rendered":"Policial militar \u00e9 baleado durante troca de tiros com assaltantes no munic\u00edpio de Tapero\u00e1"},"content":{"rendered":"\n<p>No in\u00edcio da noite desta ter\u00e7a-feira(28) uma tentativa de assalto foi registrada a um supermercado no munic\u00edpio de Tapero\u00e1, Cariri paraibano.<\/p>\n\n\n\n<p>Segundo informa\u00e7\u00f5es colhidas pelo Portal De Olho no Cariri, elementos armados chegaram ao supermercado \u201cOfert\u00e3o\u201d, que fica localizado no bairro do Alto e durante a a\u00e7\u00e3o criminosa foram surpreendidos por policiais militares que chegaram ao local e conseguiram interromper o assalto.<\/p>\n\n\n\n<p>Uma intensa troca de tiros aconteceu na rua do supermercado e um dos policiais foi atingido de rasp\u00e3o. Na a\u00e7\u00e3o, os criminosos conseguiram fazer duas mulheres de ref\u00e9ns. Os bandidos escaparam do tiroteio e na fuga ainda conseguiram levar uma das ref\u00e9ns em uma motocicleta roubada nas proximidades do mercadinho.<\/p>\n\n\n\n<p>No trajeto, os assaltantes largaram a ref\u00e9m e empreenderam fuga em sentido ignorado.<\/p>\n\n\n\n<div class=\"wp-block-image\"><figure class=\"aligncenter\"><img decoding=\"async\" data-src=\"http:\/\/deolhonocariri.com.br\/wp-content\/uploads\/2020\/04\/95249210_1257388277803122_3320558401880064000_o.jpg\" alt=\"\" class=\"wp-image-81543 lazyload\" src=\"data:image\/svg+xml;base64,PHN2ZyB3aWR0aD0iMSIgaGVpZ2h0PSIxIiB4bWxucz0iaHR0cDovL3d3dy53My5vcmcvMjAwMC9zdmciPjwvc3ZnPg==\" \/><\/figure><\/div>\n\n\n\n<p><br>Segundo informa\u00e7\u00f5es, os bandidos estavam fortemente armados e um carro estaria dando suporte aos assaltantes. A viatura da PM ficou com v\u00e1rias marcas de tiros.<\/p>\n\n\n\n<p>O Policial ferido identificado por Sargento Jo\u00e3ozinho foi levado para o Hospital Geral de Tapero\u00e1, foi transferido para Campina Grande, mas seu quadro \u00e9 est\u00e1vel.<\/p>\n\n\n\n<p><strong>De Olho no Cariri<br><\/strong><em>Fotos: Cacau Gouveia<\/em><\/p>\n","protected":false},"excerpt":{"rendered":"<p>No in\u00edcio da noite desta ter\u00e7a-feira(28) uma tentativa de assalto foi registrada a um supermercado no munic\u00edpio de Tapero\u00e1, Cariri paraibano. Segundo informa\u00e7\u00f5es colhidas pelo&hellip; <\/p>\n","protected":false},"author":1,"featured_media":166495,"comment_status":"closed","ping_status":"closed","sticky":false,"template":"","format":"standard","meta":{"sfsi_plus_gutenberg_text_before_share":"","sfsi_plus_gutenberg_show_text_before_share":"","sfsi_plus_gutenberg_icon_type":"","sfsi_plus_gutenberg_icon_alignemt":"","sfsi_plus_gutenburg_max_per_row":"","footnotes":""},"categories":[12],"tags":[],"class_list":["post-166494","post","type-post","status-publish","format-standard","has-post-thumbnail","hentry","category-policia"],"_links":{"self":[{"href":"https:\/\/www.caririemacao.com\/1\/wp-json\/wp\/v2\/posts\/166494","targetHints":{"allow":["GET"]}}],"collection":[{"href":"https:\/\/www.caririemacao.com\/1\/wp-json\/wp\/v2\/posts"}],"about":[{"href":"https:\/\/www.caririemacao.com\/1\/wp-json\/wp\/v2\/types\/post"}],"author":[{"embeddable":true,"href":"https:\/\/www.caririemacao.com\/1\/wp-json\/wp\/v2\/users\/1"}],"replies":[{"embeddable":true,"href":"https:\/\/www.caririemacao.com\/1\/wp-json\/wp\/v2\/comments?post=166494"}],"version-history":[{"count":1,"href":"https:\/\/www.caririemacao.com\/1\/wp-json\/wp\/v2\/posts\/166494\/revisions"}],"predecessor-version":[{"id":166496,"href":"https:\/\/www.caririemacao.com\/1\/wp-json\/wp\/v2\/posts\/166494\/revisions\/166496"}],"wp:featuredmedia":[{"embeddable":true,"href":"https:\/\/www.caririemacao.com\/1\/wp-json\/wp\/v2\/media\/166495"}],"wp:attachment":[{"href":"https:\/\/www.caririemacao.com\/1\/wp-json\/wp\/v2\/media?parent=166494"}],"wp:term":[{"taxonomy":"category","embeddable":true,"href":"https:\/\/www.caririemacao.com\/1\/wp-json\/wp\/v2\/categories?post=166494"},{"taxonomy":"post_tag","embeddable":true,"href":"https:\/\/www.caririemacao.com\/1\/wp-json\/wp\/v2\/tags?post=166494"}],"curies":[{"name":"wp","href":"https:\/\/api.w.org\/{rel}","templated":true}]}}