{"id":166497,"date":"2020-04-29T08:30:18","date_gmt":"2020-04-29T11:30:18","guid":{"rendered":"https:\/\/www.caririemacao.com\/1\/?p=166497"},"modified":"2020-04-29T08:30:18","modified_gmt":"2020-04-29T11:30:18","slug":"procuradoria-apura-ato-em-que-funcionarios-se-ajoelham-pela-volta-do-comercio-em-cg","status":"publish","type":"post","link":"https:\/\/www.caririemacao.com\/1\/2020\/04\/29\/procuradoria-apura-ato-em-que-funcionarios-se-ajoelham-pela-volta-do-comercio-em-cg\/","title":{"rendered":"Procuradoria apura ato em que funcion\u00e1rios se ajoelham pela volta do com\u00e9rcio em CG"},"content":{"rendered":"\n<p>A Procuradoria do Trabalho em Campina Grande instaurou procedimento na manh\u00e3 desta ter\u00e7a-feira (28) para apurar den\u00fancias de que funcion\u00e1rios de lojas da cidade teriam sido obrigados pelos patr\u00f5es a participar de protesto que pedia a reabertura do com\u00e9rcio.- Continua depois da publicidade &#8211;<ins><\/ins><\/p>\n\n\n\n<p>Logo ap\u00f3s a manifesta\u00e7\u00e3o, ocorrida nesta segunda-feira (27), no centro de Campina Grande, fotografias de funcion\u00e1rios rezando ajoelhados em frentes \u00e0s lojas fechadas circularam na internet.<\/p>\n\n\n\n<p>O presidente do Sindicato dos Comerci\u00e1rios de Campina Grande, Jos\u00e9 Nascimento Coelho, declarou que recebeu algumas den\u00fancias de empregados que foram amea\u00e7ados de demiss\u00e3o se n\u00e3o estivessem presentes no ato. \u201cAlguns nos informaram que a press\u00e3o foi feita de maneira direta. Disseram que seriam demitidos se n\u00e3o fossem ao protesto\u201d, afirmou.<\/p>\n\n\n\n<p>Ele n\u00e3o confirmou se os funcion\u00e1rios teriam tamb\u00e9m sido obrigados a se ajoelhar para rezar. \u201cN\u00e3o tenho essa informa\u00e7\u00e3o. Isso precisa ser apurado. Ningu\u00e9m nos relatou ainda que houve esse tipo de obriga\u00e7\u00e3o\u201d, disse.<\/p>\n\n\n\n<p>Diante das fotografias que circularam na internet e da veicula\u00e7\u00e3o de not\u00edcias em \u00f3rg\u00e3os de imprensa local, a procuradora do Trabalho Andressa Lucena instaurou procedimento formal para apurar o caso.<\/p>\n\n\n\n<p>Ela informou que ainda n\u00e3o havia provas de que as pessoas teriam sido coagidas a participar do protesto. Declarou tamb\u00e9m, na tarde desta ter\u00e7a-feira (28), que n\u00e3o havia recebido den\u00fancia formal.<\/p>\n\n\n\n<p>\u201cAs fotografias circularam na internet e na imprensa. Resolvi instaurar um procedimento investigat\u00f3rio para apurar se houve algum tipo de coa\u00e7\u00e3o. At\u00e9 agora, n\u00e3o h\u00e1 provas\u201d, informou.<\/p>\n\n\n\n<p>O decreto municipal que restringia a abertura das lojas em Campina Grande valia at\u00e9 o dia 19 de abril. Depois desta data, a regra n\u00e3o foi prorrogada. No entanto, h\u00e1 um decreto estadual em vigor at\u00e9 o dia 3 de maio que pro\u00edbe a abertura do com\u00e9rcio no estado.<\/p>\n\n\n\n<p>A Para\u00edba tem 699 casos confirmados do novo coronav\u00edrus e 58 \u00f3bitos em decorr\u00eancia da doen\u00e7a. Em Campina Grande, foram contabilizados 45 pacientes com a Covid-19.<\/p>\n\n\n\n<p><em>Da Folha<\/em><\/p>\n","protected":false},"excerpt":{"rendered":"<p>A Procuradoria do Trabalho em Campina Grande instaurou procedimento na manh\u00e3 desta ter\u00e7a-feira (28) para apurar den\u00fancias de que funcion\u00e1rios de lojas da cidade teriam&hellip; <\/p>\n","protected":false},"author":1,"featured_media":166498,"comment_status":"closed","ping_status":"closed","sticky":false,"template":"","format":"standard","meta":{"sfsi_plus_gutenberg_text_before_share":"","sfsi_plus_gutenberg_show_text_before_share":"","sfsi_plus_gutenberg_icon_type":"","sfsi_plus_gutenberg_icon_alignemt":"","sfsi_plus_gutenburg_max_per_row":"","footnotes":""},"categories":[6,50],"tags":[],"class_list":["post-166497","post","type-post","status-publish","format-standard","has-post-thumbnail","hentry","category-cidades","category-destaque"],"_links":{"self":[{"href":"https:\/\/www.caririemacao.com\/1\/wp-json\/wp\/v2\/posts\/166497","targetHints":{"allow":["GET"]}}],"collection":[{"href":"https:\/\/www.caririemacao.com\/1\/wp-json\/wp\/v2\/posts"}],"about":[{"href":"https:\/\/www.caririemacao.com\/1\/wp-json\/wp\/v2\/types\/post"}],"author":[{"embeddable":true,"href":"https:\/\/www.caririemacao.com\/1\/wp-json\/wp\/v2\/users\/1"}],"replies":[{"embeddable":true,"href":"https:\/\/www.caririemacao.com\/1\/wp-json\/wp\/v2\/comments?post=166497"}],"version-history":[{"count":1,"href":"https:\/\/www.caririemacao.com\/1\/wp-json\/wp\/v2\/posts\/166497\/revisions"}],"predecessor-version":[{"id":166499,"href":"https:\/\/www.caririemacao.com\/1\/wp-json\/wp\/v2\/posts\/166497\/revisions\/166499"}],"wp:featuredmedia":[{"embeddable":true,"href":"https:\/\/www.caririemacao.com\/1\/wp-json\/wp\/v2\/media\/166498"}],"wp:attachment":[{"href":"https:\/\/www.caririemacao.com\/1\/wp-json\/wp\/v2\/media?parent=166497"}],"wp:term":[{"taxonomy":"category","embeddable":true,"href":"https:\/\/www.caririemacao.com\/1\/wp-json\/wp\/v2\/categories?post=166497"},{"taxonomy":"post_tag","embeddable":true,"href":"https:\/\/www.caririemacao.com\/1\/wp-json\/wp\/v2\/tags?post=166497"}],"curies":[{"name":"wp","href":"https:\/\/api.w.org\/{rel}","templated":true}]}}