{"id":166500,"date":"2020-04-29T11:06:00","date_gmt":"2020-04-29T14:06:00","guid":{"rendered":"https:\/\/www.caririemacao.com\/1\/?p=166500"},"modified":"2020-04-29T11:14:45","modified_gmt":"2020-04-29T14:14:45","slug":"camara-de-caraubas-aprova-por-unanimidade-credito-especial-para-a-prevencao-e-combate-ao-covid-19","status":"publish","type":"post","link":"https:\/\/www.caririemacao.com\/1\/2020\/04\/29\/camara-de-caraubas-aprova-por-unanimidade-credito-especial-para-a-prevencao-e-combate-ao-covid-19\/","title":{"rendered":"C\u00e2mara de Cara\u00fabas aprova por unanimidade cr\u00e9dito especial para a preven\u00e7\u00e3o e combate ao covid-19"},"content":{"rendered":"\n<p>A C\u00e2mara Municipal de Cara\u00fabas aprovou na \u00faltima sexta-feira, dia 24, em sess\u00e3o extraordin\u00e1ria o projeto de lei de n\u00ba 05\/2020, no qual ficou autorizado o Poder Executivo abrir cr\u00e9dito especial na ordem de 390 mil.<\/p>\n\n\n\n<p>O valor ser\u00e1 utilizado com a\u00e7\u00f5es voltadas a preven\u00e7\u00e3o e combate ao Covid-19(Coronav\u00edrus), segundo informou o presidente Jos\u00e9 Franconero, conforme a utiliza\u00e7\u00e3o e realiza\u00e7\u00e3o das medidas.<\/p>\n\n\n\n<p>Para o presidente do Poder Legislativo, o projeto \u00e9 de suma import\u00e2ncia pois quando se trata da sa\u00fade da popula\u00e7\u00e3o n\u00e3o se deve pensar duas vezes em aprovar um projeto importante igual ao apresentado pelo prefeito Silvano Dudu.<\/p>\n\n\n\n<p>Vale lembrar que a sess\u00e3o extraordin\u00e1ria foi realizada em regime de urg\u00eancia e interna, apenas com os vereadores, atendendo as medidas recomendadas pela OMS (Organiza\u00e7\u00e3o Mundial de Sa\u00fade) e pela Secretaria Estadual de Sa\u00fade do Estado.<\/p>\n\n\n\n<p>A Mesa diretora explicou aos vereadores que o abertura de Cr\u00e9dito Especial era necess\u00e1rio em virtude da fonte de recursos n\u00e3o se encontrar consignado na LOA 2020, tendo em vista se tratar de recursos que foram creditados e que se destinam as a\u00e7\u00f5es de preven\u00e7\u00e3o e controle do CORONAVIRUS, cujo cr\u00e9dito necessitava que a fonte de recursos fosse adicionada ao or\u00e7amento do Munic\u00edpio, criando assim, esta nova a\u00e7\u00e3o e fonte de recursos.<\/p>\n\n\n\n<p>\u201cQuero aqui parabenizar a todos os meus colegas vereadores pela aprova\u00e7\u00e3o, demostrando suas preocupa\u00e7\u00f5es com a sa\u00fade da popula\u00e7\u00e3o; estamos vivenciando hoje uma pandemia mundial no qual muitas pessoas j\u00e1 perderam suas vidas devido a essa enfermidade que se espalhou por todo o mundo, mais se Deus quiser isso logo vai passar; pensando no bem de todos &nbsp;hoje aprovamos esse t\u00e3o importante projeto no qual o poder legislativo autoriza o poder executivo a realizar a\u00e7\u00f5es para prevenir e tamb\u00e9m combater esse inimigo invis\u00edvel,\u201d&nbsp;explicou o presidente Nero.<\/p>\n\n\n\n<p><em>Foto de capa meramente ilustrativa.<\/em><\/p>\n","protected":false},"excerpt":{"rendered":"<p>A C\u00e2mara Municipal de Cara\u00fabas aprovou na \u00faltima sexta-feira, dia 24, em sess\u00e3o extraordin\u00e1ria o projeto de lei de n\u00ba 05\/2020, no qual ficou autorizado&hellip; <\/p>\n","protected":false},"author":1,"featured_media":166502,"comment_status":"closed","ping_status":"closed","sticky":false,"template":"","format":"standard","meta":{"sfsi_plus_gutenberg_text_before_share":"","sfsi_plus_gutenberg_show_text_before_share":"","sfsi_plus_gutenberg_icon_type":"","sfsi_plus_gutenberg_icon_alignemt":"","sfsi_plus_gutenburg_max_per_row":"","footnotes":""},"categories":[6,50],"tags":[],"class_list":["post-166500","post","type-post","status-publish","format-standard","has-post-thumbnail","hentry","category-cidades","category-destaque"],"_links":{"self":[{"href":"https:\/\/www.caririemacao.com\/1\/wp-json\/wp\/v2\/posts\/166500","targetHints":{"allow":["GET"]}}],"collection":[{"href":"https:\/\/www.caririemacao.com\/1\/wp-json\/wp\/v2\/posts"}],"about":[{"href":"https:\/\/www.caririemacao.com\/1\/wp-json\/wp\/v2\/types\/post"}],"author":[{"embeddable":true,"href":"https:\/\/www.caririemacao.com\/1\/wp-json\/wp\/v2\/users\/1"}],"replies":[{"embeddable":true,"href":"https:\/\/www.caririemacao.com\/1\/wp-json\/wp\/v2\/comments?post=166500"}],"version-history":[{"count":3,"href":"https:\/\/www.caririemacao.com\/1\/wp-json\/wp\/v2\/posts\/166500\/revisions"}],"predecessor-version":[{"id":166504,"href":"https:\/\/www.caririemacao.com\/1\/wp-json\/wp\/v2\/posts\/166500\/revisions\/166504"}],"wp:featuredmedia":[{"embeddable":true,"href":"https:\/\/www.caririemacao.com\/1\/wp-json\/wp\/v2\/media\/166502"}],"wp:attachment":[{"href":"https:\/\/www.caririemacao.com\/1\/wp-json\/wp\/v2\/media?parent=166500"}],"wp:term":[{"taxonomy":"category","embeddable":true,"href":"https:\/\/www.caririemacao.com\/1\/wp-json\/wp\/v2\/categories?post=166500"},{"taxonomy":"post_tag","embeddable":true,"href":"https:\/\/www.caririemacao.com\/1\/wp-json\/wp\/v2\/tags?post=166500"}],"curies":[{"name":"wp","href":"https:\/\/api.w.org\/{rel}","templated":true}]}}