{"id":166505,"date":"2020-04-29T11:23:11","date_gmt":"2020-04-29T14:23:11","guid":{"rendered":"https:\/\/www.caririemacao.com\/1\/?p=166505"},"modified":"2020-04-29T11:23:11","modified_gmt":"2020-04-29T14:23:11","slug":"urgente-ministro-do-stf-suspende-nomeacao-de-alexandre-ramagem-para-o-cargo-de-diretor-geral-da-pf","status":"publish","type":"post","link":"https:\/\/www.caririemacao.com\/1\/2020\/04\/29\/urgente-ministro-do-stf-suspende-nomeacao-de-alexandre-ramagem-para-o-cargo-de-diretor-geral-da-pf\/","title":{"rendered":"URGENTE: Ministro do STF suspende nomea\u00e7\u00e3o de Alexandre Ramagem para o cargo de diretor-geral da PF"},"content":{"rendered":"\n<p>O ministro Alexandre de Moraes, do Supremo Tribunal Federal (STF), suspendeu a nomea\u00e7\u00e3o de Alexandre Ramagem para a diretoria-geral da Pol\u00edcia Federal. A decis\u00e3o \u00e9 liminar \u2013 ou seja, provis\u00f3ria \u2013 e foi tomada em a\u00e7\u00e3o movida pelo PDT.<\/p>\n\n\n\n<figure class=\"wp-block-image size-large is-resized\"><img fetchpriority=\"high\" decoding=\"async\" src=\"https:\/\/www.caririemacao.com\/1\/wp-content\/uploads\/2020\/04\/Sem-t\u00edtulo-2.png\" alt=\"\" class=\"wp-image-166506\" width=\"580\" height=\"214\" srcset=\"https:\/\/www.caririemacao.com\/1\/wp-content\/uploads\/2020\/04\/Sem-t\u00edtulo-2.png 660w, https:\/\/www.caririemacao.com\/1\/wp-content\/uploads\/2020\/04\/Sem-t\u00edtulo-2-300x111.png 300w\" sizes=\"(max-width: 580px) 100vw, 580px\" \/><\/figure>\n\n\n\n<p>Ramagem, que \u00e9 amigo da fam\u00edlia Bolsonaro, foi escolhido pelo presidente da Rep\u00fablica para chefiar a PF, em substitui\u00e7\u00e3o a Maur\u00edcio Valeixo.<\/p>\n\n\n\n<p>A demiss\u00e3o de Valeixo por Bolsonaro levou \u00e0 sa\u00edda do ent\u00e3o ministro da Justi\u00e7a Sergio Moro, que acusou o presidente de tentar interferir politicamente na Pol\u00edcia Federal.<\/p>\n\n\n\n<p>Na decis\u00e3o em que suspendeu a nomea\u00e7\u00e3o, Moraes citou as alega\u00e7\u00f5es de Moro, e afirmou que pode ter ocorrido desvio de finalidade na escolha de Ramagem, &#8220;em inobserv\u00e2ncia aos princ\u00edpios constitucionais da impessoalidade, da moralidade e do interesse p\u00fablico.&#8221;<\/p>\n\n\n\n<p>Moraes ressaltou as afirma\u00e7\u00f5es do ex-ministro da Justi\u00e7a que d\u00e3o conta de que Bolsonaro queria &#8220;ter uma pessoa do contato pessoal dele\u201d no comando da PF, \u201cque pudesse ligar, colher informa\u00e7\u00f5es, colher relat\u00f3rios de intelig\u00eancia\u201d.<\/p>\n\n\n\n<p>&#8220;Tais acontecimentos, juntamente com o fato de a Pol\u00edcia Federal n\u00e3o ser \u00f3rg\u00e3o de intelig\u00eancia da Presid\u00eancia da Rep\u00fablica, mas sim exercer, nos termos do artigo 144, \u00a71o, VI da Constitui\u00e7\u00e3o Federal, com exclusividade, as fun\u00e7\u00f5es de pol\u00edcia judici\u00e1ria da Uni\u00e3o, inclusive em diversas investiga\u00e7\u00f5es sigilosas, demonstram, em sede de cogni\u00e7\u00e3o inicial, estarem presentes os requisitos necess\u00e1rios para a concess\u00e3o da medida liminar pleiteada&#8221;, afirmou Moraes na decis\u00e3o.<\/p>\n\n\n\n<p>A proximidade de Ramagem da fam\u00edlia Bolsonaro vinha causando contesta\u00e7\u00f5es \u00e0 escolha dele para chefiar a PF, para qual entrou em 2005.<\/p>\n\n\n\n<p>A rela\u00e7\u00e3o com o presidente e os filhos dele come\u00e7ou na elei\u00e7\u00f5es de 2018, quando Ramagem chefiou a equipe de seguran\u00e7a do ent\u00e3o candidato Bolsonaro. Candidatos tem direito \u00e0 seguran\u00e7a da PF.<\/p>\n\n\n\n<p>Na r\u00e9veillon de 2019, Ramagem foi fotografado em festa ao lado do filho do presidente Carlos Bolsonaro, que \u00e9 vereador do munic\u00edpio do Rio de Janeiro (veja foto abaixo).<\/p>\n\n\n\n<figure class=\"wp-block-image size-large\"><img decoding=\"async\" width=\"928\" height=\"1024\" data-src=\"https:\/\/www.caririemacao.com\/1\/wp-content\/uploads\/2020\/04\/bolsonaros-destaque-3-928x1024.jpg\" alt=\"\" class=\"wp-image-166507 lazyload\" data-srcset=\"https:\/\/www.caririemacao.com\/1\/wp-content\/uploads\/2020\/04\/bolsonaros-destaque-3-928x1024.jpg 928w, https:\/\/www.caririemacao.com\/1\/wp-content\/uploads\/2020\/04\/bolsonaros-destaque-3-272x300.jpg 272w, https:\/\/www.caririemacao.com\/1\/wp-content\/uploads\/2020\/04\/bolsonaros-destaque-3-768x848.jpg 768w, https:\/\/www.caririemacao.com\/1\/wp-content\/uploads\/2020\/04\/bolsonaros-destaque-3-1392x1536.jpg 1392w, https:\/\/www.caririemacao.com\/1\/wp-content\/uploads\/2020\/04\/bolsonaros-destaque-3.jpg 1600w\" data-sizes=\"(max-width: 928px) 100vw, 928px\" src=\"data:image\/svg+xml;base64,PHN2ZyB3aWR0aD0iMSIgaGVpZ2h0PSIxIiB4bWxucz0iaHR0cDovL3d3dy53My5vcmcvMjAwMC9zdmciPjwvc3ZnPg==\" style=\"--smush-placeholder-width: 928px; --smush-placeholder-aspect-ratio: 928\/1024;\" \/><\/figure>\n\n\n\n<p>&#8220;Logicamente, n\u00e3o cabe ao poder Judici\u00e1rio moldar subjetivamente a administra\u00e7\u00e3o p\u00fablica, por\u00e9m a constitucionaliza\u00e7\u00e3o das normas b\u00e1sicas do Direito Administrativo permite ao Judici\u00e1rio impedir que o Executivo molde a administra\u00e7\u00e3o p\u00fablica em discord\u00e2ncia a seus princ\u00edpios e preceitos constitucionais b\u00e1sicos&#8221; completou Moraes.<\/p>\n\n\n\n<p>O ministro disse ainda que a fun\u00e7\u00e3o do poder Judici\u00e1rio \u00e9 impedir atos &#8220;incompat\u00edveis&#8221; com a Constitui\u00e7\u00e3o. Ele disse que nomea\u00e7\u00f5es para cargos p\u00fablicos devem respeitar os princ\u00edpios da moralidade, impessoalidade e interesse p\u00fablico, o que, segundo o ministro, n\u00e3o ocorreu no caso de Ramagem.<\/p>\n\n\n\n<p>A finalidade da revis\u00e3o judicial \u00e9 impedir atos incompat\u00edveis com a ordem constitucional, inclusive no tocante \u00c0s nomea\u00e7\u00f5es para cargos p\u00fablicos, que devem observ\u00e2ncia n\u00e3o somente ao princ\u00edpio da legalidade, mas tamb\u00e9m aos princ\u00edpios da impessoalidade, da moralidade e do interesse p\u00fablico&#8221;, completou Moraes.<\/p>\n\n\n\n<p>G1<\/p>\n","protected":false},"excerpt":{"rendered":"<p>O ministro Alexandre de Moraes, do Supremo Tribunal Federal (STF), suspendeu a nomea\u00e7\u00e3o de Alexandre Ramagem para a diretoria-geral da Pol\u00edcia Federal. A decis\u00e3o \u00e9&hellip; <\/p>\n","protected":false},"author":1,"featured_media":166508,"comment_status":"closed","ping_status":"closed","sticky":false,"template":"","format":"standard","meta":{"sfsi_plus_gutenberg_text_before_share":"","sfsi_plus_gutenberg_show_text_before_share":"","sfsi_plus_gutenberg_icon_type":"","sfsi_plus_gutenberg_icon_alignemt":"","sfsi_plus_gutenburg_max_per_row":"","footnotes":""},"categories":[50,2],"tags":[],"class_list":["post-166505","post","type-post","status-publish","format-standard","has-post-thumbnail","hentry","category-destaque","category-geral"],"_links":{"self":[{"href":"https:\/\/www.caririemacao.com\/1\/wp-json\/wp\/v2\/posts\/166505","targetHints":{"allow":["GET"]}}],"collection":[{"href":"https:\/\/www.caririemacao.com\/1\/wp-json\/wp\/v2\/posts"}],"about":[{"href":"https:\/\/www.caririemacao.com\/1\/wp-json\/wp\/v2\/types\/post"}],"author":[{"embeddable":true,"href":"https:\/\/www.caririemacao.com\/1\/wp-json\/wp\/v2\/users\/1"}],"replies":[{"embeddable":true,"href":"https:\/\/www.caririemacao.com\/1\/wp-json\/wp\/v2\/comments?post=166505"}],"version-history":[{"count":1,"href":"https:\/\/www.caririemacao.com\/1\/wp-json\/wp\/v2\/posts\/166505\/revisions"}],"predecessor-version":[{"id":166509,"href":"https:\/\/www.caririemacao.com\/1\/wp-json\/wp\/v2\/posts\/166505\/revisions\/166509"}],"wp:featuredmedia":[{"embeddable":true,"href":"https:\/\/www.caririemacao.com\/1\/wp-json\/wp\/v2\/media\/166508"}],"wp:attachment":[{"href":"https:\/\/www.caririemacao.com\/1\/wp-json\/wp\/v2\/media?parent=166505"}],"wp:term":[{"taxonomy":"category","embeddable":true,"href":"https:\/\/www.caririemacao.com\/1\/wp-json\/wp\/v2\/categories?post=166505"},{"taxonomy":"post_tag","embeddable":true,"href":"https:\/\/www.caririemacao.com\/1\/wp-json\/wp\/v2\/tags?post=166505"}],"curies":[{"name":"wp","href":"https:\/\/api.w.org\/{rel}","templated":true}]}}