{"id":166517,"date":"2020-04-29T11:44:06","date_gmt":"2020-04-29T14:44:06","guid":{"rendered":"https:\/\/www.caririemacao.com\/1\/?p=166517"},"modified":"2020-04-29T11:44:06","modified_gmt":"2020-04-29T14:44:06","slug":"devido-ao-coronavirus-festa-de-emancipacao-politica-de-amparo-teve-programacao-simples","status":"publish","type":"post","link":"https:\/\/www.caririemacao.com\/1\/2020\/04\/29\/devido-ao-coronavirus-festa-de-emancipacao-politica-de-amparo-teve-programacao-simples\/","title":{"rendered":"Devido ao Coronav\u00edrus, Festa de Emancipa\u00e7\u00e3o Pol\u00edtica de Amparo teve programa\u00e7\u00e3o simples"},"content":{"rendered":"\n<p>A Prefeitura de Amparo decidiu cancelar a festa de Emancipa\u00e7\u00e3o Pol\u00edtica, que \u00e9 comemorada hoje, dia 29 de Abril, por causa do novo coronav\u00edrus.<br>Toda aquela programa\u00e7\u00e3o que se era de costume foi cancelada, apenas haver\u00e1 Alvorada e Hasteamento com p\u00fablico reduzido e Missa em A\u00e7\u00e3o de Gra\u00e7a.<\/p>\n\n\n\n<p>O prefeito In\u00e1cio N\u00f3brega tem tomado todas as provid\u00eancias para evitar a contamina\u00e7\u00e3o dos mun\u00edcipes da cidade, fazendo limpeza nas cal\u00e7adas, visitando as casas dos moradores que vieram de outras cidades para Amparo, fazendo informes para que a popula\u00e7\u00e3o fique consciente sobre a situa\u00e7\u00e3o.<\/p>\n\n\n\n<figure class=\"wp-block-image size-large\"><img fetchpriority=\"high\" decoding=\"async\" width=\"640\" height=\"360\" src=\"https:\/\/www.caririemacao.com\/1\/wp-content\/uploads\/2020\/04\/WhatsApp-Image-2020-04-29-at-5.50.25-AM.jpeg\" alt=\"\" class=\"wp-image-166518\" srcset=\"https:\/\/www.caririemacao.com\/1\/wp-content\/uploads\/2020\/04\/WhatsApp-Image-2020-04-29-at-5.50.25-AM.jpeg 640w, https:\/\/www.caririemacao.com\/1\/wp-content\/uploads\/2020\/04\/WhatsApp-Image-2020-04-29-at-5.50.25-AM-300x169.jpeg 300w\" sizes=\"(max-width: 640px) 100vw, 640px\" \/><\/figure>\n\n\n\n<p>\u00c0s 05h00min a Banda Marcial 29 de Abril respeitando as medidas de distanciamento realizou a tradicional alvorada pelas ruas da cidade e \u00e0s 09hh00min tivemos o Hasteamento com pequeno numero de pessoas tamb\u00e9m respeitando o distanciamento sugerido pelas redes de sa\u00fade.<\/p>\n\n\n\n<p>Estiveram presentes ao momento, o Prefeito In\u00e1cio, os Secret\u00e1rios Osmando Santos e Ver\u00f4nica Rafael, os Vereadores C\u00edcero Maciel, Luiz Pequeno, Maria Pedrosa e Duda Barnab\u00e9, o Pastor Melkzedeck e o Assessor de Comunica\u00e7\u00e3o da Prefeitura Wanderley Paulo, o hino nacional foi tocado ao som do Maestro Bisica.<\/p>\n\n\n\n<p>A Tarde, \u00e0s 15h00min teremos a Missa em A\u00e7\u00e3o de Gra\u00e7a direto da igreja de S\u00e3o Sebasti\u00e3o, evento sem publico que poder\u00e1 ser acompanhado atrav\u00e9s do Facebook pela p\u00e1gina da Pascom da Comunidade S\u00e3o Sebasti\u00e3o.<\/p>\n\n\n\n<p>A Noite, \u00e0s 20h00min teremos uma live com Flavinho e Charles.<\/p>\n\n\n\n<p>Amparo Ligado<\/p>\n","protected":false},"excerpt":{"rendered":"<p>A Prefeitura de Amparo decidiu cancelar a festa de Emancipa\u00e7\u00e3o Pol\u00edtica, que \u00e9 comemorada hoje, dia 29 de Abril, por causa do novo coronav\u00edrus.Toda aquela&hellip; <\/p>\n","protected":false},"author":1,"featured_media":166519,"comment_status":"closed","ping_status":"closed","sticky":false,"template":"","format":"standard","meta":{"sfsi_plus_gutenberg_text_before_share":"","sfsi_plus_gutenberg_show_text_before_share":"","sfsi_plus_gutenberg_icon_type":"","sfsi_plus_gutenberg_icon_alignemt":"","sfsi_plus_gutenburg_max_per_row":"","footnotes":""},"categories":[6,50],"tags":[],"class_list":["post-166517","post","type-post","status-publish","format-standard","has-post-thumbnail","hentry","category-cidades","category-destaque"],"_links":{"self":[{"href":"https:\/\/www.caririemacao.com\/1\/wp-json\/wp\/v2\/posts\/166517","targetHints":{"allow":["GET"]}}],"collection":[{"href":"https:\/\/www.caririemacao.com\/1\/wp-json\/wp\/v2\/posts"}],"about":[{"href":"https:\/\/www.caririemacao.com\/1\/wp-json\/wp\/v2\/types\/post"}],"author":[{"embeddable":true,"href":"https:\/\/www.caririemacao.com\/1\/wp-json\/wp\/v2\/users\/1"}],"replies":[{"embeddable":true,"href":"https:\/\/www.caririemacao.com\/1\/wp-json\/wp\/v2\/comments?post=166517"}],"version-history":[{"count":1,"href":"https:\/\/www.caririemacao.com\/1\/wp-json\/wp\/v2\/posts\/166517\/revisions"}],"predecessor-version":[{"id":166521,"href":"https:\/\/www.caririemacao.com\/1\/wp-json\/wp\/v2\/posts\/166517\/revisions\/166521"}],"wp:featuredmedia":[{"embeddable":true,"href":"https:\/\/www.caririemacao.com\/1\/wp-json\/wp\/v2\/media\/166519"}],"wp:attachment":[{"href":"https:\/\/www.caririemacao.com\/1\/wp-json\/wp\/v2\/media?parent=166517"}],"wp:term":[{"taxonomy":"category","embeddable":true,"href":"https:\/\/www.caririemacao.com\/1\/wp-json\/wp\/v2\/categories?post=166517"},{"taxonomy":"post_tag","embeddable":true,"href":"https:\/\/www.caririemacao.com\/1\/wp-json\/wp\/v2\/tags?post=166517"}],"curies":[{"name":"wp","href":"https:\/\/api.w.org\/{rel}","templated":true}]}}