{"id":166525,"date":"2020-04-29T11:49:56","date_gmt":"2020-04-29T14:49:56","guid":{"rendered":"https:\/\/www.caririemacao.com\/1\/?p=166525"},"modified":"2020-04-29T11:49:56","modified_gmt":"2020-04-29T14:49:56","slug":"auxilio-emergencial-so-metade-dos-inscritos-tem-direito-de-receber","status":"publish","type":"post","link":"https:\/\/www.caririemacao.com\/1\/2020\/04\/29\/auxilio-emergencial-so-metade-dos-inscritos-tem-direito-de-receber\/","title":{"rendered":"Aux\u00edlio emergencial: s\u00f3 metade dos inscritos tem direito de receber"},"content":{"rendered":"\n<p>Metade dos benefici\u00e1rios inscritos em algum cadastro federal ter\u00e1 direito de receber o aux\u00edlio emergencial de R$ 600, pago pela Caixa Econ\u00f4mica Federal em tr\u00eas parcelas, em virtude da pandemia do coronav\u00edrus.<\/p>\n\n\n\n<p>Os dados s\u00e3o da Dataprev. Dos 92,8 bilh\u00f5es de CPFs analisados at\u00e9 agora pelo \u00f3rg\u00e3o, 50,3 milh\u00f5es (54,20%) s\u00e3o eleg\u00edveis para ter o valor. O percentual envolve 50,3 milh\u00f5es de trabalhadores que se inscreveram via aplicativo Caixa Aux\u00edlio Emergencial ou pelo site&nbsp;<a href=\"http:\/\/auxilio.caixa.gov.br\/\" target=\"_blank\" rel=\"noreferrer noopener\">auxilio.caixa.gov.br<\/a>, cidad\u00e3os que fazem parte do Cadastro \u00danico do governo federal e benefici\u00e1rios do Bolsa Fam\u00edlia.<\/p>\n\n\n\n<p>A Dataprev recebeu 98 milh\u00f5es de CPFs para fazer a an\u00e1lise. Faltam ser analisados 5,2 milh\u00f5es de inscritos via site e app. No caso de quem faz parte do Bolsa Fam\u00edlia e do Cad\u00danico, a an\u00e1lise j\u00e1 foi 100% conclu\u00edda e todos os que tinha direito j\u00e1 foram identificados.<\/p>\n\n\n\n<p>No entanto, nem todo mundo recebeu a grana. O pagamento segue sendo feito para os benefici\u00e1rios do Bolsa Fam\u00edlia, que recebem de acordo com o calend\u00e1rio habitual do programa, e aos trabalhadores que v\u00e3o sacar o dinheiro nas ag\u00eancias da Caixa ou nas lot\u00e9ricas.<\/p>\n\n\n\n<p>Al\u00e9m disso, os trabalhadores informais, MEIs e contribuintes individuais do INSS que fizeram o cadastro no aplicativo na \u00faltima semana ainda ter\u00e3o os dados analisados e, caso tenham direito, a grana ser\u00e1 liberada.<\/p>\n\n\n\n<p>Do total de 92,8 de an\u00e1lises, 28,97 milh\u00f5es n\u00e3o se enquadram nas regas do programa e n\u00e3o v\u00e3o receber o aux\u00edlio. Ao todo, s\u00e3o tr\u00eas em cada dez com a grana negada. \u00c9 poss\u00edvel recorrer.<\/p>\n\n\n\n<p>PAGAMENTO<br>A Caixa iniciou o pagamento dos valores no dia 9 de abril. A grana chega ao segurado de diversas formas. Para quem j\u00e1 estava no Cad\u00danico e tinha conta na Caixa e no Banco do Brasil, a grana cai nesta conta. Benefici\u00e1rios do Bolsa Fam\u00edlia recebem na conta habitual do programa. Inscritos via app e site recebem os valores na conta informada na hora ou na poupan\u00e7a da Caixa.<\/p>\n\n\n\n<p>J\u00e1 quem n\u00e3o tem conta em banco recebe via poupan\u00e7a digital social da Caixa, aberta para este pagamento. Neste caso, \u00e9 poss\u00edvel transferir os valores para outros bancos ou sacar nas ag\u00eancias da Caixa e nas lot\u00e9ricas. No entanto, h\u00e1 um calend\u00e1rio de libera\u00e7\u00e3o, conforme a data de nascimento do benefici\u00e1rio.<\/p>\n\n\n\n<p>Confira abaixo o calend\u00e1rio de saques:<\/p>\n\n\n\n<p>Segunda-feira (27) \u2013 benefici\u00e1rios nascidos em janeiro e fevereiro<br>Ter\u00e7a-feira (28) \u2013 benefici\u00e1rios nascidos em mar\u00e7o e abril<br>Quarta-feira (29) \u2013 benefici\u00e1rios nascidos em maio e junho<br>Quinta-feira (30) \u2013 benefici\u00e1rios nascidos julho e agosto<br>Segunda-feira (4) \u2013 benefici\u00e1rios nascidos em setembro e outubro<br>Ter\u00e7a-feira (5) \u2013 benefici\u00e1rios nascidos em novembro e dezembro<\/p>\n\n\n\n<p>Os trabalhadores n\u00e3o devem ir na Caixa fora da data marcada para libera\u00e7\u00e3o os valores, pois n\u00e3o v\u00e3o conseguir fazer o saque. Nesta segunda (27), dependendo da regi\u00e3o da cidade, os benefici\u00e1rios enfrentaram filas de at\u00e9 cinco horas para receber. Veja o que pode ajudar a ter o aux\u00edlio mais r\u00e1pido.<\/p>\n\n\n\n<p>INFORMAIS<br>Os trabalhadores que se encaixam nas regras e t\u00eam direito aos valores podem se inscrever at\u00e9 o dia 2 de julho. Se tiverem direito, eles v\u00e3o receber a grana atrasada. A Caixa pagar\u00e1 atrasados de at\u00e9 R$ 1.800, podendo chegar a R$ 3.600 em alguns casos.<\/p>\n\n\n\n<p>De acordo com a lei, pode receber o aux\u00edlio quem cumprir as seguintes condi\u00e7\u00f5es, acumuladamente:<\/p>\n\n\n\n<p>\u00c9 maior de 18 anos<br>N\u00e3o tem emprego formal<br>N\u00e3o receba benef\u00edcio assistencial ou do INSS, n\u00e3o ganhe seguro-desemprego ou fa\u00e7a parte de qualquer outro programa de transfer\u00eancia de renda do governo, com exce\u00e7\u00e3o do Bolsa Fam\u00edlia Tenha renda familiar, por pessoa, de at\u00e9 meio sal\u00e1rio m\u00ednimo, o que d\u00e1 R$ 522,50 hoje, ou renda mensal familiar de at\u00e9 tr\u00eas sal\u00e1rios m\u00ednimos (R$ 3.135)<br>No ano de 2018, recebeu renda tribut\u00e1vel menor do que R$ 28.559,70<\/p>\n\n\n\n<p>O futuro benefici\u00e1rio dever\u00e1 ainda cumprir pelo menos uma dessas condi\u00e7\u00f5es:<br>Exercer atividade como MEI (microempreendedor individual)<br>Ser contribuinte individual ou facultativo da Previd\u00eancia, no plano simplificado ou no de 5%<br>Trabalhar como informal empregado, desempregado, aut\u00f4nomo ou intermitente, inscrito no Cad\u00danico at\u00e9 20 de mar\u00e7o deste ano ou que fa\u00e7a autodeclara\u00e7\u00e3o e entregue ao governo<\/p>\n\n\n\n<p>CALEND\u00c1RIO DA SEGUNDA PARCELA<br>Sem grana para pagar a primeira parcela do aux\u00edlio, dado o alto n\u00famero de inscritos e benefici\u00e1rios com direito, o governo ainda n\u00e3o tem data para pagar a segunda parcela. A inten\u00e7\u00e3o \u00e9 fazer o pagamento ainda no m\u00eas de mais, mas as datas ainda ser\u00e3o divulgadas.<\/p>\n","protected":false},"excerpt":{"rendered":"<p>Metade dos benefici\u00e1rios inscritos em algum cadastro federal ter\u00e1 direito de receber o aux\u00edlio emergencial de R$ 600, pago pela Caixa Econ\u00f4mica Federal em tr\u00eas&hellip; <\/p>\n","protected":false},"author":2,"featured_media":164113,"comment_status":"closed","ping_status":"closed","sticky":false,"template":"","format":"standard","meta":{"sfsi_plus_gutenberg_text_before_share":"","sfsi_plus_gutenberg_show_text_before_share":"","sfsi_plus_gutenberg_icon_type":"","sfsi_plus_gutenberg_icon_alignemt":"","sfsi_plus_gutenburg_max_per_row":"","footnotes":""},"categories":[2],"tags":[],"class_list":["post-166525","post","type-post","status-publish","format-standard","has-post-thumbnail","hentry","category-geral"],"_links":{"self":[{"href":"https:\/\/www.caririemacao.com\/1\/wp-json\/wp\/v2\/posts\/166525","targetHints":{"allow":["GET"]}}],"collection":[{"href":"https:\/\/www.caririemacao.com\/1\/wp-json\/wp\/v2\/posts"}],"about":[{"href":"https:\/\/www.caririemacao.com\/1\/wp-json\/wp\/v2\/types\/post"}],"author":[{"embeddable":true,"href":"https:\/\/www.caririemacao.com\/1\/wp-json\/wp\/v2\/users\/2"}],"replies":[{"embeddable":true,"href":"https:\/\/www.caririemacao.com\/1\/wp-json\/wp\/v2\/comments?post=166525"}],"version-history":[{"count":1,"href":"https:\/\/www.caririemacao.com\/1\/wp-json\/wp\/v2\/posts\/166525\/revisions"}],"predecessor-version":[{"id":166526,"href":"https:\/\/www.caririemacao.com\/1\/wp-json\/wp\/v2\/posts\/166525\/revisions\/166526"}],"wp:featuredmedia":[{"embeddable":true,"href":"https:\/\/www.caririemacao.com\/1\/wp-json\/wp\/v2\/media\/164113"}],"wp:attachment":[{"href":"https:\/\/www.caririemacao.com\/1\/wp-json\/wp\/v2\/media?parent=166525"}],"wp:term":[{"taxonomy":"category","embeddable":true,"href":"https:\/\/www.caririemacao.com\/1\/wp-json\/wp\/v2\/categories?post=166525"},{"taxonomy":"post_tag","embeddable":true,"href":"https:\/\/www.caririemacao.com\/1\/wp-json\/wp\/v2\/tags?post=166525"}],"curies":[{"name":"wp","href":"https:\/\/api.w.org\/{rel}","templated":true}]}}