{"id":166528,"date":"2020-04-29T11:53:37","date_gmt":"2020-04-29T14:53:37","guid":{"rendered":"https:\/\/www.caririemacao.com\/1\/?p=166528"},"modified":"2020-04-29T11:53:37","modified_gmt":"2020-04-29T14:53:37","slug":"coronavirus-liberado-o-saque-de-cotas-de-consorcio-em-dinheiro","status":"publish","type":"post","link":"https:\/\/www.caririemacao.com\/1\/2020\/04\/29\/coronavirus-liberado-o-saque-de-cotas-de-consorcio-em-dinheiro\/","title":{"rendered":"Coronav\u00edrus: Liberado o saque de cotas de cons\u00f3rcio em dinheiro"},"content":{"rendered":"\n<p>Em raz\u00e3o da pandemia do novo coronav\u00edrus, consumidores que possuem cotas de cons\u00f3rcios e forem contemplados at\u00e9 o fim de dezembro poder\u00e3o receber o valor em dinheiro.<\/p>\n\n\n\n<p>A medida foi divulgada pelo Banco central nesta ter\u00e7a-feira (28).<\/p>\n\n\n\n<p>De acordo com a autoridade monet\u00e1ria, com a flexibiliza\u00e7\u00e3o da regra, o cliente pode escolher receber em esp\u00e9cie ou em conta tanto pela dificuldade de aquisi\u00e7\u00e3o do bem no mercado, quanto pela necessidade urgente de recursos em meio \u00e0 crise.<\/p>\n\n\n\n<p>No cons\u00f3rcio, pessoas ou empresas se re\u00fanem, em grupo fechado promovido por uma administradora, para a compra parcelada de um bem, como ve\u00edculos ou im\u00f3veis.<\/p>\n\n\n\n<p>S\u00e3o feitas contribui\u00e7\u00f5es fixas mensais e s\u00e3o realizados sorteios para determinar a ordem em que s\u00e3o contemplados.<\/p>\n\n\n\n<p>Antes, aquele que fosse contemplado s\u00f3 poderia receber a cota mediante a compra do bem ou depois de 180 dias.<\/p>\n\n\n\n<p>Al\u00e9m disso, foi definido que, na forma\u00e7\u00e3o de grupos de cons\u00f3rcio em que os cr\u00e9ditos sejam de valores diferentes, aquele de menor valor n\u00e3o poder\u00e1 ser inferior a 30% do cr\u00e9dito de maior valor.<\/p>\n\n\n\n<p>Antes, o percentual era de 50%.<\/p>\n\n\n\n<p>O prazo para forma\u00e7\u00e3o de grupos de cons\u00f3rcios passou de 90 para 180 dias at\u00e9 1\u00ba de dezembro.<\/p>\n\n\n\n<p>Se ultrapassar o per\u00edodo, a administradora dever\u00e1 devolver os valores cobrados corrigidos com a aplica\u00e7\u00e3o financeira escolhida em contrato.<\/p>\n\n\n\n<p>O BC tamb\u00e9m determinou que cheques devolvidos fiquem dispon\u00edveis ao cliente na ag\u00eancia em que foram depositados e n\u00e3o mais na de relacionamento.<\/p>\n\n\n\n<p>Assim, o cheque devolvido dever\u00e1 estar \u00e0 disposi\u00e7\u00e3o do consumidor em at\u00e9 um dia \u00fatil a partir do fim do prazo de bloqueio.<\/p>\n\n\n\n<p>A mudan\u00e7a vale at\u00e9 30 de setembro. Os bancos dever\u00e3o fixar aviso em local vis\u00edvel em suas depend\u00eancias e comunicar a modifica\u00e7\u00e3o aos clientes.<\/p>\n\n\n\n<p>A autoridade monet\u00e1ria prorrogou, ainda, prazos para que os bancos entreguem documentos relativos \u00e0 regula\u00e7\u00e3o prudencial -demonstrativos de risco, de limites operacionais e de adequa\u00e7\u00e3o de capital.<\/p>\n","protected":false},"excerpt":{"rendered":"<p>Em raz\u00e3o da pandemia do novo coronav\u00edrus, consumidores que possuem cotas de cons\u00f3rcios e forem contemplados at\u00e9 o fim de dezembro poder\u00e3o receber o valor&hellip; <\/p>\n","protected":false},"author":2,"featured_media":157739,"comment_status":"closed","ping_status":"closed","sticky":false,"template":"","format":"standard","meta":{"sfsi_plus_gutenberg_text_before_share":"","sfsi_plus_gutenberg_show_text_before_share":"","sfsi_plus_gutenberg_icon_type":"","sfsi_plus_gutenberg_icon_alignemt":"","sfsi_plus_gutenburg_max_per_row":"","footnotes":""},"categories":[2],"tags":[],"class_list":["post-166528","post","type-post","status-publish","format-standard","has-post-thumbnail","hentry","category-geral"],"_links":{"self":[{"href":"https:\/\/www.caririemacao.com\/1\/wp-json\/wp\/v2\/posts\/166528","targetHints":{"allow":["GET"]}}],"collection":[{"href":"https:\/\/www.caririemacao.com\/1\/wp-json\/wp\/v2\/posts"}],"about":[{"href":"https:\/\/www.caririemacao.com\/1\/wp-json\/wp\/v2\/types\/post"}],"author":[{"embeddable":true,"href":"https:\/\/www.caririemacao.com\/1\/wp-json\/wp\/v2\/users\/2"}],"replies":[{"embeddable":true,"href":"https:\/\/www.caririemacao.com\/1\/wp-json\/wp\/v2\/comments?post=166528"}],"version-history":[{"count":1,"href":"https:\/\/www.caririemacao.com\/1\/wp-json\/wp\/v2\/posts\/166528\/revisions"}],"predecessor-version":[{"id":166529,"href":"https:\/\/www.caririemacao.com\/1\/wp-json\/wp\/v2\/posts\/166528\/revisions\/166529"}],"wp:featuredmedia":[{"embeddable":true,"href":"https:\/\/www.caririemacao.com\/1\/wp-json\/wp\/v2\/media\/157739"}],"wp:attachment":[{"href":"https:\/\/www.caririemacao.com\/1\/wp-json\/wp\/v2\/media?parent=166528"}],"wp:term":[{"taxonomy":"category","embeddable":true,"href":"https:\/\/www.caririemacao.com\/1\/wp-json\/wp\/v2\/categories?post=166528"},{"taxonomy":"post_tag","embeddable":true,"href":"https:\/\/www.caririemacao.com\/1\/wp-json\/wp\/v2\/tags?post=166528"}],"curies":[{"name":"wp","href":"https:\/\/api.w.org\/{rel}","templated":true}]}}