{"id":166531,"date":"2020-04-29T11:57:12","date_gmt":"2020-04-29T14:57:12","guid":{"rendered":"https:\/\/www.caririemacao.com\/1\/?p=166531"},"modified":"2020-04-29T11:57:12","modified_gmt":"2020-04-29T14:57:12","slug":"bolsonaro-amplia-lista-de-atividades-consideradas-essenciais-na-pandemia-do-coronavirus","status":"publish","type":"post","link":"https:\/\/www.caririemacao.com\/1\/2020\/04\/29\/bolsonaro-amplia-lista-de-atividades-consideradas-essenciais-na-pandemia-do-coronavirus\/","title":{"rendered":"Bolsonaro amplia lista de atividades consideradas essenciais na pandemia do coronav\u00edrus"},"content":{"rendered":"\n<p>O presidente da Rep\u00fablica, Jair Bolsonaro, decretou a amplia\u00e7\u00e3o da lista de servi\u00e7os e atividades considerados essenciais em meio \u00e0 pandemia do coronav\u00edrus. A mudan\u00e7a foi publicada no &#8220;Di\u00e1rio Oficial da Uni\u00e3o&#8221; (DOU) desta quarta-feira (29) e j\u00e1 est\u00e1 em vigor.<\/p>\n\n\n\n<p>Ao serem classificados como essenciais, as atividades e servi\u00e7os podem continuar em opera\u00e7\u00e3o mesmo durante restri\u00e7\u00e3o ou quarentena em raz\u00e3o do v\u00edrus.<\/p>\n\n\n\n<p>Passam a ser considerados essenciais, segundo o decreto:<\/p>\n\n\n\n<ul class=\"wp-block-list\"><li>servi\u00e7os de comercializa\u00e7\u00e3o, reparo e manuten\u00e7\u00e3o de partes e pe\u00e7as novas e usadas e de pneum\u00e1ticos novos e remoldados;<\/li><li>servi\u00e7os de radiodifus\u00e3o de sons e imagens;<\/li><li>atividades de desenvolvimento de produtos e servi\u00e7os, inclu\u00eddas aquelas realizadas por meio de start-ups;<\/li><li>atividades de com\u00e9rcio de bens e servi\u00e7os, inclu\u00eddas aquelas de alimenta\u00e7\u00e3o, repouso, limpeza, higiene, comercializa\u00e7\u00e3o, manuten\u00e7\u00e3o e assist\u00eancia t\u00e9cnica automotivas, de conveni\u00eancia e cong\u00eaneres, destinadas a assegurar o transporte e as atividades log\u00edsticas de todos os tipos de carga e de pessoas em rodovias e estradas;<\/li><\/ul>\n\n\n\n<ul class=\"wp-block-list\"><li>atividades de processamento do benef\u00edcio do seguro-desemprego e de outros benef\u00edcios relacionados, por meio de atendimento presencial ou eletr\u00f4nico, obedecidas as determina\u00e7\u00f5es do Minist\u00e9rio da Sa\u00fade e dos \u00f3rg\u00e3os respons\u00e1veis pela seguran\u00e7a e pela sa\u00fade do trabalho;<\/li><li>atividade de loca\u00e7\u00e3o de ve\u00edculos;<\/li><li>atividades de produ\u00e7\u00e3o, distribui\u00e7\u00e3o, comercializa\u00e7\u00e3o, manuten\u00e7\u00e3o, reposi\u00e7\u00e3o, assist\u00eancia t\u00e9cnica, monitoramento e inspe\u00e7\u00e3o de equipamentos de infraestrutura, instala\u00e7\u00f5es, m\u00e1quinas e equipamentos em geral, inclu\u00eddos elevadores, escadas rolantes e equipamentos de refrigera\u00e7\u00e3o e climatiza\u00e7\u00e3o;<\/li><li>atividades de produ\u00e7\u00e3o, exporta\u00e7\u00e3o, importa\u00e7\u00e3o e transporte de insumos e produtos qu\u00edmicos, petroqu\u00edmicos e pl\u00e1sticos em geral;<\/li><li>atividades cujo processo produtivo n\u00e3o possa ser interrompido sob pena de dano irrepar\u00e1vel das instala\u00e7\u00f5es e dos equipamentos, tais como o processo sider\u00fargico e as cadeias de produ\u00e7\u00e3o do alum\u00ednio, da cer\u00e2mica e do vidro;<\/li><li>atividades de lavra, beneficiamento, produ\u00e7\u00e3o, comercializa\u00e7\u00e3o, escoamento e suprimento de bens minerais;<\/li><li>atividades de atendimento ao p\u00fablico em ag\u00eancias banc\u00e1rias, cooperativas de cr\u00e9dito ou estabelecimentos cong\u00eaneres, referentes aos programas governamentais ou privados destinados a mitigar as consequ\u00eancias econ\u00f4micas da emerg\u00eancia de sa\u00fade p\u00fablica;<\/li><li>produ\u00e7\u00e3o, transporte e distribui\u00e7\u00e3o de g\u00e1s natural;<\/li><li>ind\u00fastrias qu\u00edmicas e petroqu\u00edmicas de mat\u00e9rias-primas ou produtos de sa\u00fade, higiene, alimentos e bebidas.<\/li><\/ul>\n\n\n\n<p>Segundo o decreto, o rol de atividades essenciais acrescido pelo texto &#8220;foi objeto de discuss\u00e3o e avalia\u00e7\u00e3o multidisciplinar por colegiado composto por representantes das \u00e1reas da vigil\u00e2ncia sanit\u00e1ria, da sa\u00fade, do abastecimento de produtos aliment\u00edcios e de log\u00edstica&#8221;.<\/p>\n\n\n\n<p><strong>Estados e munic\u00edpios<\/strong><\/p>\n\n\n\n<p>No decreto, Bolsonaro fixa que o texto &#8220;n\u00e3o afasta a compet\u00eancia ou a tomada de provid\u00eancias normativas e administrativas pelos Estados, pelo Distrito Federal ou pelos Munic\u00edpios, no \u00e2mbito de suas compet\u00eancias e de seus respectivos territ\u00f3rios&#8221;.<\/p>\n\n\n\n<p>O decreto j\u00e1 leva em considera\u00e7\u00e3o decis\u00e3o do Supremo Tribunal Federal (STF), do dia 15 de abril, segundo a qual estados e munic\u00edpios t\u00eam o poder de estabelecer pol\u00edticas de sa\u00fade, inclusive quest\u00f5es de quarentena e a classifica\u00e7\u00e3o dos servi\u00e7os essenciais.<\/p>\n\n\n\n<p>O texto publicado nesta quarta-feira altera o decreto editado por Bolsonaro em 20 de mar\u00e7o e que trouxe a primeira defini\u00e7\u00e3o dos servi\u00e7os e atividades considerados essenciais. Desde ent\u00e3o, essa lista vem aumentando e, pela norma em vigor, j\u00e1 conta com mais de 50 itens.<\/p>\n","protected":false},"excerpt":{"rendered":"<p>O presidente da Rep\u00fablica, Jair Bolsonaro, decretou a amplia\u00e7\u00e3o da lista de servi\u00e7os e atividades considerados essenciais em meio \u00e0 pandemia do coronav\u00edrus. A mudan\u00e7a&hellip; <\/p>\n","protected":false},"author":2,"featured_media":165692,"comment_status":"closed","ping_status":"closed","sticky":false,"template":"","format":"standard","meta":{"sfsi_plus_gutenberg_text_before_share":"","sfsi_plus_gutenberg_show_text_before_share":"","sfsi_plus_gutenberg_icon_type":"","sfsi_plus_gutenberg_icon_alignemt":"","sfsi_plus_gutenburg_max_per_row":"","footnotes":""},"categories":[11],"tags":[],"class_list":["post-166531","post","type-post","status-publish","format-standard","has-post-thumbnail","hentry","category-politica"],"_links":{"self":[{"href":"https:\/\/www.caririemacao.com\/1\/wp-json\/wp\/v2\/posts\/166531","targetHints":{"allow":["GET"]}}],"collection":[{"href":"https:\/\/www.caririemacao.com\/1\/wp-json\/wp\/v2\/posts"}],"about":[{"href":"https:\/\/www.caririemacao.com\/1\/wp-json\/wp\/v2\/types\/post"}],"author":[{"embeddable":true,"href":"https:\/\/www.caririemacao.com\/1\/wp-json\/wp\/v2\/users\/2"}],"replies":[{"embeddable":true,"href":"https:\/\/www.caririemacao.com\/1\/wp-json\/wp\/v2\/comments?post=166531"}],"version-history":[{"count":1,"href":"https:\/\/www.caririemacao.com\/1\/wp-json\/wp\/v2\/posts\/166531\/revisions"}],"predecessor-version":[{"id":166532,"href":"https:\/\/www.caririemacao.com\/1\/wp-json\/wp\/v2\/posts\/166531\/revisions\/166532"}],"wp:featuredmedia":[{"embeddable":true,"href":"https:\/\/www.caririemacao.com\/1\/wp-json\/wp\/v2\/media\/165692"}],"wp:attachment":[{"href":"https:\/\/www.caririemacao.com\/1\/wp-json\/wp\/v2\/media?parent=166531"}],"wp:term":[{"taxonomy":"category","embeddable":true,"href":"https:\/\/www.caririemacao.com\/1\/wp-json\/wp\/v2\/categories?post=166531"},{"taxonomy":"post_tag","embeddable":true,"href":"https:\/\/www.caririemacao.com\/1\/wp-json\/wp\/v2\/tags?post=166531"}],"curies":[{"name":"wp","href":"https:\/\/api.w.org\/{rel}","templated":true}]}}