{"id":166538,"date":"2020-04-29T12:07:58","date_gmt":"2020-04-29T15:07:58","guid":{"rendered":"https:\/\/www.caririemacao.com\/1\/?p=166538"},"modified":"2020-04-29T12:07:58","modified_gmt":"2020-04-29T15:07:58","slug":"taperoa-confirma-segundo-caso-de-covid-19-paciente-encontra-se-em-isolamento-domiciliar","status":"publish","type":"post","link":"https:\/\/www.caririemacao.com\/1\/2020\/04\/29\/taperoa-confirma-segundo-caso-de-covid-19-paciente-encontra-se-em-isolamento-domiciliar\/","title":{"rendered":"Tapero\u00e1 confirma segundo caso de Covid-19; paciente encontra-se em isolamento domiciliar"},"content":{"rendered":"\n<div class=\"wp-block-image\"><figure class=\"aligncenter\"><img decoding=\"async\" data-src=\"http:\/\/deolhonocariri.com.br\/wp-content\/uploads\/2020\/03\/1_corona01-931645.jpg\" alt=\"\" class=\"wp-image-79364 lazyload\" src=\"data:image\/svg+xml;base64,PHN2ZyB3aWR0aD0iMSIgaGVpZ2h0PSIxIiB4bWxucz0iaHR0cDovL3d3dy53My5vcmcvMjAwMC9zdmciPjwvc3ZnPg==\" \/><\/figure><\/div>\n\n\n\n<p>A Prefeitura de Tapero\u00e1 atrav\u00e9s da Secretaria Municipal de Sa\u00fade, confirmou na manh\u00e3 desta ter\u00e7a-feira(28), o segundo caso positivo para o Covid-19 (novo coronav\u00edrus) no munic\u00edpio.<\/p>\n\n\n\n<p>Informa\u00e7\u00f5es colhidas pelo portal De Olho no Cariri, o paciente \u00e9 do sexo masculino, tem 36 anos de idade e recentemente apresentou sintomas leves do novo v\u00edrus, ap\u00f3s ter realizado uma viagem \u00e0 Recife, regi\u00e3o de alto cont\u00e1gio do v\u00edrus. O taperoaense procurou a unidade municipal de sa\u00fade e realizou o teste r\u00e1pido do Covid-19, na qual testou positivo para o coronav\u00edrus.<\/p>\n\n\n\n<p>O estado de sa\u00fade do paciente \u00e9 est\u00e1vel e encontra-se em isolamento domiciliar, devidamente notificado e orientado.<\/p>\n\n\n\n<p>Com este resultado, o munic\u00edpio de Tapero\u00e1 passa a contabilizar 2 casos confirmados, sendo 12 liberados da quarentena, 3 monitorados , 8 descartados e 1 caso de \u00f3bito, que foi a beb\u00ea de 04 meses.<\/p>\n\n\n\n<div class=\"wp-block-image\"><figure class=\"aligncenter\"><img decoding=\"async\" data-src=\"http:\/\/deolhonocariri.com.br\/wp-content\/uploads\/2020\/04\/94937968_2781106228683515_4145582930376261632_n.jpg\" alt=\"\" class=\"wp-image-81522 lazyload\" src=\"data:image\/svg+xml;base64,PHN2ZyB3aWR0aD0iMSIgaGVpZ2h0PSIxIiB4bWxucz0iaHR0cDovL3d3dy53My5vcmcvMjAwMC9zdmciPjwvc3ZnPg==\" \/><\/figure><\/div>\n\n\n\n<p>A Prefeitura de Tapero\u00e1 pede que a popula\u00e7\u00e3o continue mantendo os cuidados e medidas de prote\u00e7\u00e3o e ao perceber sintomas procure o servi\u00e7o municipal de sa\u00fade.<\/p>\n\n\n\n<p>Com o caso confirmado, a regi\u00e3o do Cariri soma sete casos para o Covid-19, sendo j\u00e1 registrados nas cidades de Serra Branca, Tapero\u00e1, Congo, Barra de S\u00e3o Miguel, Coxixola e Boqueir\u00e3o.<\/p>\n\n\n\n<p><strong>De Olho no Cariri<\/strong><\/p>\n","protected":false},"excerpt":{"rendered":"<p>A Prefeitura de Tapero\u00e1 atrav\u00e9s da Secretaria Municipal de Sa\u00fade, confirmou na manh\u00e3 desta ter\u00e7a-feira(28), o segundo caso positivo para o Covid-19 (novo coronav\u00edrus) no&hellip; <\/p>\n","protected":false},"author":2,"featured_media":166539,"comment_status":"closed","ping_status":"closed","sticky":false,"template":"","format":"standard","meta":{"sfsi_plus_gutenberg_text_before_share":"","sfsi_plus_gutenberg_show_text_before_share":"","sfsi_plus_gutenberg_icon_type":"","sfsi_plus_gutenberg_icon_alignemt":"","sfsi_plus_gutenburg_max_per_row":"","footnotes":""},"categories":[6],"tags":[],"class_list":["post-166538","post","type-post","status-publish","format-standard","has-post-thumbnail","hentry","category-cidades"],"_links":{"self":[{"href":"https:\/\/www.caririemacao.com\/1\/wp-json\/wp\/v2\/posts\/166538","targetHints":{"allow":["GET"]}}],"collection":[{"href":"https:\/\/www.caririemacao.com\/1\/wp-json\/wp\/v2\/posts"}],"about":[{"href":"https:\/\/www.caririemacao.com\/1\/wp-json\/wp\/v2\/types\/post"}],"author":[{"embeddable":true,"href":"https:\/\/www.caririemacao.com\/1\/wp-json\/wp\/v2\/users\/2"}],"replies":[{"embeddable":true,"href":"https:\/\/www.caririemacao.com\/1\/wp-json\/wp\/v2\/comments?post=166538"}],"version-history":[{"count":1,"href":"https:\/\/www.caririemacao.com\/1\/wp-json\/wp\/v2\/posts\/166538\/revisions"}],"predecessor-version":[{"id":166540,"href":"https:\/\/www.caririemacao.com\/1\/wp-json\/wp\/v2\/posts\/166538\/revisions\/166540"}],"wp:featuredmedia":[{"embeddable":true,"href":"https:\/\/www.caririemacao.com\/1\/wp-json\/wp\/v2\/media\/166539"}],"wp:attachment":[{"href":"https:\/\/www.caririemacao.com\/1\/wp-json\/wp\/v2\/media?parent=166538"}],"wp:term":[{"taxonomy":"category","embeddable":true,"href":"https:\/\/www.caririemacao.com\/1\/wp-json\/wp\/v2\/categories?post=166538"},{"taxonomy":"post_tag","embeddable":true,"href":"https:\/\/www.caririemacao.com\/1\/wp-json\/wp\/v2\/tags?post=166538"}],"curies":[{"name":"wp","href":"https:\/\/api.w.org\/{rel}","templated":true}]}}