{"id":166542,"date":"2020-04-29T12:12:10","date_gmt":"2020-04-29T15:12:10","guid":{"rendered":"https:\/\/www.caririemacao.com\/1\/?p=166542"},"modified":"2020-04-29T12:12:10","modified_gmt":"2020-04-29T15:12:10","slug":"prefeito-inacio-nobrega-parabeniza-a-cidade-de-amparo-pelos-seus-26-anos-de-emancipacao-politica","status":"publish","type":"post","link":"https:\/\/www.caririemacao.com\/1\/2020\/04\/29\/prefeito-inacio-nobrega-parabeniza-a-cidade-de-amparo-pelos-seus-26-anos-de-emancipacao-politica\/","title":{"rendered":"Prefeito In\u00e1cio N\u00f3brega parabeniza a cidade de Amparo pelos seus 26 anos de Emancipa\u00e7\u00e3o Pol\u00edtica"},"content":{"rendered":"\n<p>O Prefeito In\u00e1cio N\u00f3brega e o Vice Fl\u00e1vio Messias deixam uma mensagem parabenizando a cidade de Amparo pelos 26 anos de Emancipa\u00e7\u00e3o Pol\u00edtica.<\/p>\n\n\n\n<p>AMPARO, Com a jovem experi\u00eancia de teu passado, temos um presente cada vez melhor!!!<\/p>\n\n\n\n<p>Um passado de DESCOBERTAS, um presente de DESAFIOS,<br>Um FUTURO&nbsp; inovador e promissor!<\/p>\n\n\n\n<p>As lutas do dia a dia edificam este nosso belo e ardo presente!!<br>Recebeste bem a todos n\u00f3s!!!<br>Agora recebes o carinho, respeito e compromisso de todos.<br>Parab\u00e9ns AMPARO s\u00e3o 26 anos de muito PROGRESSO, F\u00c9 e ACOLHIMENTO.<\/p>\n\n\n\n<p>Que Deus ilumine e proteja esta maravilhosa CIDADE!<\/p>\n\n\n\n<p>In\u00e1cio N\u00f3brega, Prefeito<br>Fl\u00e1vio Messias, Vice-prefeito<\/p>\n","protected":false},"excerpt":{"rendered":"<p>O Prefeito In\u00e1cio N\u00f3brega e o Vice Fl\u00e1vio Messias deixam uma mensagem parabenizando a cidade de Amparo pelos 26 anos de Emancipa\u00e7\u00e3o Pol\u00edtica. AMPARO, Com&hellip; <\/p>\n","protected":false},"author":2,"featured_media":166543,"comment_status":"closed","ping_status":"closed","sticky":false,"template":"","format":"standard","meta":{"sfsi_plus_gutenberg_text_before_share":"","sfsi_plus_gutenberg_show_text_before_share":"","sfsi_plus_gutenberg_icon_type":"","sfsi_plus_gutenberg_icon_alignemt":"","sfsi_plus_gutenburg_max_per_row":"","footnotes":""},"categories":[6],"tags":[],"class_list":["post-166542","post","type-post","status-publish","format-standard","has-post-thumbnail","hentry","category-cidades"],"_links":{"self":[{"href":"https:\/\/www.caririemacao.com\/1\/wp-json\/wp\/v2\/posts\/166542","targetHints":{"allow":["GET"]}}],"collection":[{"href":"https:\/\/www.caririemacao.com\/1\/wp-json\/wp\/v2\/posts"}],"about":[{"href":"https:\/\/www.caririemacao.com\/1\/wp-json\/wp\/v2\/types\/post"}],"author":[{"embeddable":true,"href":"https:\/\/www.caririemacao.com\/1\/wp-json\/wp\/v2\/users\/2"}],"replies":[{"embeddable":true,"href":"https:\/\/www.caririemacao.com\/1\/wp-json\/wp\/v2\/comments?post=166542"}],"version-history":[{"count":1,"href":"https:\/\/www.caririemacao.com\/1\/wp-json\/wp\/v2\/posts\/166542\/revisions"}],"predecessor-version":[{"id":166544,"href":"https:\/\/www.caririemacao.com\/1\/wp-json\/wp\/v2\/posts\/166542\/revisions\/166544"}],"wp:featuredmedia":[{"embeddable":true,"href":"https:\/\/www.caririemacao.com\/1\/wp-json\/wp\/v2\/media\/166543"}],"wp:attachment":[{"href":"https:\/\/www.caririemacao.com\/1\/wp-json\/wp\/v2\/media?parent=166542"}],"wp:term":[{"taxonomy":"category","embeddable":true,"href":"https:\/\/www.caririemacao.com\/1\/wp-json\/wp\/v2\/categories?post=166542"},{"taxonomy":"post_tag","embeddable":true,"href":"https:\/\/www.caririemacao.com\/1\/wp-json\/wp\/v2\/tags?post=166542"}],"curies":[{"name":"wp","href":"https:\/\/api.w.org\/{rel}","templated":true}]}}