{"id":166546,"date":"2020-04-29T12:20:57","date_gmt":"2020-04-29T15:20:57","guid":{"rendered":"https:\/\/www.caririemacao.com\/1\/?p=166546"},"modified":"2020-04-29T12:20:57","modified_gmt":"2020-04-29T15:20:57","slug":"sikera-junior-entra-em-estado-grave-apos-teste-positivo-para-novo-coronavirus","status":"publish","type":"post","link":"https:\/\/www.caririemacao.com\/1\/2020\/04\/29\/sikera-junior-entra-em-estado-grave-apos-teste-positivo-para-novo-coronavirus\/","title":{"rendered":"Sikera Junior entra em estado grave ap\u00f3s teste positivo para novo coronav\u00edrus"},"content":{"rendered":"\n<p><br>A pandemia do novo coronav\u00edrus, definitivamente, tem atingido todos os grupos de idade, sendo eles dos mais novos aos mais velhos. O apresentador&nbsp;<strong>Sikera<\/strong>&nbsp;<strong>Junior<\/strong>, comandante do \u2018Alerta Nacional\u2019, policialesco que se tornou um grande sucesso na&nbsp;<strong>RedeTV<\/strong>!, passou mal na \u00faltima quinta-feira (22), sendo sucedido \u00e0s pressas pela rep\u00f3rter&nbsp;<strong>Mayara Rocha<\/strong>.<\/p>\n\n\n\n<p>Claro, diante da situa\u00e7\u00e3o complicada na sa\u00fade p\u00fablica brasileira, o apresentador precisou ser afastado de imediato e houve especula\u00e7\u00f5es de que ele teria contra\u00eddo o novo coronav\u00edrus. Nos \u00faltimos dias, o apresentador revelou, em entrevista concedida ao jornal NE10, de que havia feito o teste e havia testado negativo no exame.<\/p>\n\n\n\n<p>Conquanto, em nova atualiza\u00e7\u00e3o promovida pelo jornalista&nbsp;<strong>Ronaldo Tiradentes<\/strong>, em seu programa de r\u00e1dio da&nbsp;Rede Tiradentes do Amazonas, na manh\u00e3 desta quarta-feira (29), o apresentador recebeu novo diagn\u00f3stico dos exames no dia anterior, prologando ainda mais o seu retorno \u00e0s atividades no canal de Osasco. Ainda de acordo com a reportagem, Sikera Junior entrou em estado grave, tendo os dois pulm\u00f5es comprometidos devido a doen\u00e7a que j\u00e1 soma mais de setenta mil casos e pouco mais de cinco mil \u00f3bitos ao redor do Brasil.<\/p>\n\n\n\n<p>Dentro da RedeTV!,&nbsp;a crise instaurada nos cofres do canal rendeu a demiss\u00e3o de alguns funcion\u00e1rios desde a \u00faltima segunda-feira (27). O alto escal\u00e3o, por sua vez, j\u00e1 havia comunicado que haveria um corte em torno de 33% nos recebimentos dos contratados como pessoas jur\u00eddicas, valores iguais ou superiores a R$ 20 mil, e caso a situa\u00e7\u00e3o se agrave, o enxugamento nos gastos ser\u00e1 ainda intensificado.<\/p>\n","protected":false},"excerpt":{"rendered":"<p>A pandemia do novo coronav\u00edrus, definitivamente, tem atingido todos os grupos de idade, sendo eles dos mais novos aos mais velhos. O apresentador&nbsp;Sikera&nbsp;Junior, comandante do&hellip; <\/p>\n","protected":false},"author":2,"featured_media":165677,"comment_status":"closed","ping_status":"closed","sticky":false,"template":"","format":"standard","meta":{"sfsi_plus_gutenberg_text_before_share":"","sfsi_plus_gutenberg_show_text_before_share":"","sfsi_plus_gutenberg_icon_type":"","sfsi_plus_gutenberg_icon_alignemt":"","sfsi_plus_gutenburg_max_per_row":"","footnotes":""},"categories":[2],"tags":[],"class_list":["post-166546","post","type-post","status-publish","format-standard","has-post-thumbnail","hentry","category-geral"],"_links":{"self":[{"href":"https:\/\/www.caririemacao.com\/1\/wp-json\/wp\/v2\/posts\/166546","targetHints":{"allow":["GET"]}}],"collection":[{"href":"https:\/\/www.caririemacao.com\/1\/wp-json\/wp\/v2\/posts"}],"about":[{"href":"https:\/\/www.caririemacao.com\/1\/wp-json\/wp\/v2\/types\/post"}],"author":[{"embeddable":true,"href":"https:\/\/www.caririemacao.com\/1\/wp-json\/wp\/v2\/users\/2"}],"replies":[{"embeddable":true,"href":"https:\/\/www.caririemacao.com\/1\/wp-json\/wp\/v2\/comments?post=166546"}],"version-history":[{"count":2,"href":"https:\/\/www.caririemacao.com\/1\/wp-json\/wp\/v2\/posts\/166546\/revisions"}],"predecessor-version":[{"id":166548,"href":"https:\/\/www.caririemacao.com\/1\/wp-json\/wp\/v2\/posts\/166546\/revisions\/166548"}],"wp:featuredmedia":[{"embeddable":true,"href":"https:\/\/www.caririemacao.com\/1\/wp-json\/wp\/v2\/media\/165677"}],"wp:attachment":[{"href":"https:\/\/www.caririemacao.com\/1\/wp-json\/wp\/v2\/media?parent=166546"}],"wp:term":[{"taxonomy":"category","embeddable":true,"href":"https:\/\/www.caririemacao.com\/1\/wp-json\/wp\/v2\/categories?post=166546"},{"taxonomy":"post_tag","embeddable":true,"href":"https:\/\/www.caririemacao.com\/1\/wp-json\/wp\/v2\/tags?post=166546"}],"curies":[{"name":"wp","href":"https:\/\/api.w.org\/{rel}","templated":true}]}}