{"id":166549,"date":"2020-04-29T12:24:31","date_gmt":"2020-04-29T15:24:31","guid":{"rendered":"https:\/\/www.caririemacao.com\/1\/?p=166549"},"modified":"2020-04-29T12:24:31","modified_gmt":"2020-04-29T15:24:31","slug":"serra-branquense-que-morava-no-rio-de-janeiro-morre-vitima-do-coronavirus","status":"publish","type":"post","link":"https:\/\/www.caririemacao.com\/1\/2020\/04\/29\/serra-branquense-que-morava-no-rio-de-janeiro-morre-vitima-do-coronavirus\/","title":{"rendered":"Serra-branquense que morava no Rio de Janeiro morre v\u00edtima do Coronav\u00edrus"},"content":{"rendered":"\n<div class=\"wp-block-image\"><figure class=\"aligncenter\"><img decoding=\"async\" data-src=\"http:\/\/deolhonocariri.com.br\/wp-content\/uploads\/2020\/04\/WhatsApp-Image-2020-04-29-at-10.27.46-768x432-1.jpeg\" alt=\"\" class=\"wp-image-81573 lazyload\" src=\"data:image\/svg+xml;base64,PHN2ZyB3aWR0aD0iMSIgaGVpZ2h0PSIxIiB4bWxucz0iaHR0cDovL3d3dy53My5vcmcvMjAwMC9zdmciPjwvc3ZnPg==\" \/><\/figure><\/div>\n\n\n\n<p>Nesta quarta-feira (29) faleceu no Rio de Janeiro o serra-branquense Jos\u00e9 Hil\u00e1rio da Costa, conhecido como Z\u00e9 Turiba, v\u00edtima de Coronav\u00edrus.<\/p>\n\n\n\n<p>Ele tinha 78 anos e morava no bairro do Graja\u00fa. Internou- se dia 20 de abril, fez exames e foi diagnosticado com Covid-19. Seu quadro se agravou e veio a \u00f3bito nesta quarta-feira (29).<\/p>\n\n\n\n<p>Jos\u00e9 Hil\u00e1rio deixa esposa e duas filhas. Ele \u00e9 da fam\u00edlia Costa, irm\u00e3o de Rebolo Costa (in memoriam) e Dona Auta.<\/p>\n\n\n\n<p>Familiares e amigos sentem por n\u00e3o ter tido a oportunidade de prestar as \u00faltimas homenagens.<\/p>\n\n\n\n<p><em>Para\u00edba Mix<\/em><\/p>\n","protected":false},"excerpt":{"rendered":"<p>Nesta quarta-feira (29) faleceu no Rio de Janeiro o serra-branquense Jos\u00e9 Hil\u00e1rio da Costa, conhecido como Z\u00e9 Turiba, v\u00edtima de Coronav\u00edrus. Ele tinha 78 anos&hellip; <\/p>\n","protected":false},"author":2,"featured_media":166550,"comment_status":"closed","ping_status":"closed","sticky":false,"template":"","format":"standard","meta":{"sfsi_plus_gutenberg_text_before_share":"","sfsi_plus_gutenberg_show_text_before_share":"","sfsi_plus_gutenberg_icon_type":"","sfsi_plus_gutenberg_icon_alignemt":"","sfsi_plus_gutenburg_max_per_row":"","footnotes":""},"categories":[6],"tags":[],"class_list":["post-166549","post","type-post","status-publish","format-standard","has-post-thumbnail","hentry","category-cidades"],"_links":{"self":[{"href":"https:\/\/www.caririemacao.com\/1\/wp-json\/wp\/v2\/posts\/166549","targetHints":{"allow":["GET"]}}],"collection":[{"href":"https:\/\/www.caririemacao.com\/1\/wp-json\/wp\/v2\/posts"}],"about":[{"href":"https:\/\/www.caririemacao.com\/1\/wp-json\/wp\/v2\/types\/post"}],"author":[{"embeddable":true,"href":"https:\/\/www.caririemacao.com\/1\/wp-json\/wp\/v2\/users\/2"}],"replies":[{"embeddable":true,"href":"https:\/\/www.caririemacao.com\/1\/wp-json\/wp\/v2\/comments?post=166549"}],"version-history":[{"count":1,"href":"https:\/\/www.caririemacao.com\/1\/wp-json\/wp\/v2\/posts\/166549\/revisions"}],"predecessor-version":[{"id":166551,"href":"https:\/\/www.caririemacao.com\/1\/wp-json\/wp\/v2\/posts\/166549\/revisions\/166551"}],"wp:featuredmedia":[{"embeddable":true,"href":"https:\/\/www.caririemacao.com\/1\/wp-json\/wp\/v2\/media\/166550"}],"wp:attachment":[{"href":"https:\/\/www.caririemacao.com\/1\/wp-json\/wp\/v2\/media?parent=166549"}],"wp:term":[{"taxonomy":"category","embeddable":true,"href":"https:\/\/www.caririemacao.com\/1\/wp-json\/wp\/v2\/categories?post=166549"},{"taxonomy":"post_tag","embeddable":true,"href":"https:\/\/www.caririemacao.com\/1\/wp-json\/wp\/v2\/tags?post=166549"}],"curies":[{"name":"wp","href":"https:\/\/api.w.org\/{rel}","templated":true}]}}