{"id":166553,"date":"2020-04-29T12:35:38","date_gmt":"2020-04-29T15:35:38","guid":{"rendered":"https:\/\/www.caririemacao.com\/1\/?p=166553"},"modified":"2020-04-29T12:36:12","modified_gmt":"2020-04-29T15:36:12","slug":"prefeito-de-sao-jose-dos-cordeiros-assina-duas-importantes-ordens-de-servicos-que-para-o-municipio","status":"publish","type":"post","link":"https:\/\/www.caririemacao.com\/1\/2020\/04\/29\/prefeito-de-sao-jose-dos-cordeiros-assina-duas-importantes-ordens-de-servicos-que-para-o-municipio\/","title":{"rendered":"Prefeito de S\u00e3o Jos\u00e9 dos Cordeiros assina  duas importantes ordens de servi\u00e7os para o munic\u00edpio"},"content":{"rendered":"\n<p>O prefeito de S\u00e3o Jos\u00e9 dos Cordeiros, Jefferson Roberto, postou em suas redes sociais um texto informando a popula\u00e7\u00e3o que haver\u00e1 novos benef\u00edcios para o munic\u00edpio. <\/p>\n\n\n\n<p>No texto ele diz: &#8220;assinamos duas importantes ordens de servi\u00e7o: Reforma da sede da Filarm\u00f4nica 5 de Janeiro no valor de R$ 98.971,63 e Pavimenta\u00e7\u00e3o de ruas do Conjunto Fabr\u00edcio Dantas no valor de R$ 120.674,15. Investimentos importantes na cultura e na infraestrutura de nossa cidade e se Deus quiser e com o trabalho da nossa equipe, com importantes parcerias e com o apoio da nossa popula\u00e7\u00e3o vamos fazer ainda muito mais. Os recursos investidos s\u00e3o da se\u00e7\u00e3o onerosa recebido pelo governo federal&#8221;, afirmou o prefeito Jefferson Roberto. <\/p>\n","protected":false},"excerpt":{"rendered":"<p>O prefeito de S\u00e3o Jos\u00e9 dos Cordeiros, Jefferson Roberto, postou em suas redes sociais um texto informando a popula\u00e7\u00e3o que haver\u00e1 novos benef\u00edcios para o&hellip; <\/p>\n","protected":false},"author":1,"featured_media":166563,"comment_status":"closed","ping_status":"closed","sticky":false,"template":"","format":"standard","meta":{"sfsi_plus_gutenberg_text_before_share":"","sfsi_plus_gutenberg_show_text_before_share":"","sfsi_plus_gutenberg_icon_type":"","sfsi_plus_gutenberg_icon_alignemt":"","sfsi_plus_gutenburg_max_per_row":"","footnotes":""},"categories":[6,50],"tags":[],"class_list":["post-166553","post","type-post","status-publish","format-standard","has-post-thumbnail","hentry","category-cidades","category-destaque"],"_links":{"self":[{"href":"https:\/\/www.caririemacao.com\/1\/wp-json\/wp\/v2\/posts\/166553","targetHints":{"allow":["GET"]}}],"collection":[{"href":"https:\/\/www.caririemacao.com\/1\/wp-json\/wp\/v2\/posts"}],"about":[{"href":"https:\/\/www.caririemacao.com\/1\/wp-json\/wp\/v2\/types\/post"}],"author":[{"embeddable":true,"href":"https:\/\/www.caririemacao.com\/1\/wp-json\/wp\/v2\/users\/1"}],"replies":[{"embeddable":true,"href":"https:\/\/www.caririemacao.com\/1\/wp-json\/wp\/v2\/comments?post=166553"}],"version-history":[{"count":2,"href":"https:\/\/www.caririemacao.com\/1\/wp-json\/wp\/v2\/posts\/166553\/revisions"}],"predecessor-version":[{"id":166566,"href":"https:\/\/www.caririemacao.com\/1\/wp-json\/wp\/v2\/posts\/166553\/revisions\/166566"}],"wp:featuredmedia":[{"embeddable":true,"href":"https:\/\/www.caririemacao.com\/1\/wp-json\/wp\/v2\/media\/166563"}],"wp:attachment":[{"href":"https:\/\/www.caririemacao.com\/1\/wp-json\/wp\/v2\/media?parent=166553"}],"wp:term":[{"taxonomy":"category","embeddable":true,"href":"https:\/\/www.caririemacao.com\/1\/wp-json\/wp\/v2\/categories?post=166553"},{"taxonomy":"post_tag","embeddable":true,"href":"https:\/\/www.caririemacao.com\/1\/wp-json\/wp\/v2\/tags?post=166553"}],"curies":[{"name":"wp","href":"https:\/\/api.w.org\/{rel}","templated":true}]}}