{"id":166565,"date":"2020-04-29T12:37:00","date_gmt":"2020-04-29T15:37:00","guid":{"rendered":"https:\/\/www.caririemacao.com\/1\/?p=166565"},"modified":"2020-04-29T12:37:00","modified_gmt":"2020-04-29T15:37:00","slug":"prefeito-de-ss-do-umbuzeiro-adriano-wolff-parabeniza-municipio-de-zabele","status":"publish","type":"post","link":"https:\/\/www.caririemacao.com\/1\/2020\/04\/29\/prefeito-de-ss-do-umbuzeiro-adriano-wolff-parabeniza-municipio-de-zabele\/","title":{"rendered":"Prefeito de SS. do Umbuzeiro Adriano Wolff parabeniza munic\u00edpio de Zabel\u00ea"},"content":{"rendered":"\n<p><a href=\"https:\/\/cdn.shortpixel.ai\/client\/to_webp,q_glossy,ret_img,w_717\/http:\/\/www.blogdodidi.com.br\/wp-content\/uploads\/2020\/04\/ADRI-ZAB.jpg\"><\/a>O Prefeito de S\u00e3o Sebasti\u00e3o do Umbuzeiro Adriano Wolff parabenizou nesta quarta-feira (29), o munic\u00edpio de Zabel\u00ea, pelos seus 26 anos de emancipa\u00e7\u00e3o pol\u00edtica.<\/p>\n\n\n\n<p><br>Adriano Wolff destacou a parceria entre os munic\u00edpios, e ressaltou que o acolhimento e receptividade do povo de Zabel\u00ea s\u00e3o sempre muito importantes para os saosebastianenses.<\/p>\n\n\n\n<p><br>\u201cParabenizo n\u00e3o s\u00f3 munic\u00edpio de Zabel\u00ea, mas todos a sua popula\u00e7\u00e3o\u201d, disse o prefeito.<\/p>\n\n\n\n<p><br><strong>Com BLOGDODIDI<\/strong><\/p>\n","protected":false},"excerpt":{"rendered":"<p>O Prefeito de S\u00e3o Sebasti\u00e3o do Umbuzeiro Adriano Wolff parabenizou nesta quarta-feira (29), o munic\u00edpio de Zabel\u00ea, pelos seus 26 anos de emancipa\u00e7\u00e3o pol\u00edtica. Adriano&hellip; <\/p>\n","protected":false},"author":2,"featured_media":34920,"comment_status":"closed","ping_status":"closed","sticky":false,"template":"","format":"standard","meta":{"sfsi_plus_gutenberg_text_before_share":"","sfsi_plus_gutenberg_show_text_before_share":"","sfsi_plus_gutenberg_icon_type":"","sfsi_plus_gutenberg_icon_alignemt":"","sfsi_plus_gutenburg_max_per_row":"","footnotes":""},"categories":[6],"tags":[],"class_list":["post-166565","post","type-post","status-publish","format-standard","has-post-thumbnail","hentry","category-cidades"],"_links":{"self":[{"href":"https:\/\/www.caririemacao.com\/1\/wp-json\/wp\/v2\/posts\/166565","targetHints":{"allow":["GET"]}}],"collection":[{"href":"https:\/\/www.caririemacao.com\/1\/wp-json\/wp\/v2\/posts"}],"about":[{"href":"https:\/\/www.caririemacao.com\/1\/wp-json\/wp\/v2\/types\/post"}],"author":[{"embeddable":true,"href":"https:\/\/www.caririemacao.com\/1\/wp-json\/wp\/v2\/users\/2"}],"replies":[{"embeddable":true,"href":"https:\/\/www.caririemacao.com\/1\/wp-json\/wp\/v2\/comments?post=166565"}],"version-history":[{"count":1,"href":"https:\/\/www.caririemacao.com\/1\/wp-json\/wp\/v2\/posts\/166565\/revisions"}],"predecessor-version":[{"id":166567,"href":"https:\/\/www.caririemacao.com\/1\/wp-json\/wp\/v2\/posts\/166565\/revisions\/166567"}],"wp:featuredmedia":[{"embeddable":true,"href":"https:\/\/www.caririemacao.com\/1\/wp-json\/wp\/v2\/media\/34920"}],"wp:attachment":[{"href":"https:\/\/www.caririemacao.com\/1\/wp-json\/wp\/v2\/media?parent=166565"}],"wp:term":[{"taxonomy":"category","embeddable":true,"href":"https:\/\/www.caririemacao.com\/1\/wp-json\/wp\/v2\/categories?post=166565"},{"taxonomy":"post_tag","embeddable":true,"href":"https:\/\/www.caririemacao.com\/1\/wp-json\/wp\/v2\/tags?post=166565"}],"curies":[{"name":"wp","href":"https:\/\/api.w.org\/{rel}","templated":true}]}}