{"id":166573,"date":"2020-04-29T13:24:29","date_gmt":"2020-04-29T16:24:29","guid":{"rendered":"https:\/\/www.caririemacao.com\/1\/?p=166573"},"modified":"2020-04-29T13:24:29","modified_gmt":"2020-04-29T16:24:29","slug":"prefeitura-de-sume-distribui-kits-da-merenda-escolar-a-alunos-da-rede-municipal","status":"publish","type":"post","link":"https:\/\/www.caririemacao.com\/1\/2020\/04\/29\/prefeitura-de-sume-distribui-kits-da-merenda-escolar-a-alunos-da-rede-municipal\/","title":{"rendered":"Prefeitura de Sum\u00e9 distribui kits da merenda escolar a alunos da rede municipal"},"content":{"rendered":"\n<p>A merenda escolar \u00e9 um item essencial nas escolas p\u00fablicas de todo o pa\u00eds, pois ela ajuda atender as necessidades nutricionais de crian\u00e7as e adolescentes durante sua perman\u00eancia em sala de aula, contribuindo para seu crescimento, desenvolvimento, aprendizagem e rendimento escolar. Nas escolas da rede municipal de ensino de Sum\u00e9 ela \u00e9 servida associada a uma alimenta\u00e7\u00e3o saud\u00e1vel, correta e adequada com o acompanhamento de nutricionistas para o seu preparo.<\/p>\n\n\n\n<p>Com a suspens\u00e3o das aulas devido \u00e0 pandemia causada pelo novo coronav\u00edrus, a Secretaria de Educa\u00e7\u00e3o de Sum\u00e9 aproveitou o estoque de merenda existente nas escolas e preparou refei\u00e7\u00f5es para serem distribu\u00eddas aos estudantes.<\/p>\n\n\n\n<p>A entrega dos kits foi feita na ter\u00e7a-feira (28), sendo distribu\u00eddas 1.576 refei\u00e7\u00f5es para os alunos matriculados na rede municipal de ensino. Os kits foram entregues aos respons\u00e1veis pelos estudantes de acordo com a matricula de cada um.<\/p>\n\n\n\n<p>As aulas continuam suspensas at\u00e9 03 de maio, como medida de preven\u00e7\u00e3o, de acordo com o decreto municipal n\u00b0 1.319\/2020.<\/p>\n","protected":false},"excerpt":{"rendered":"<p>A merenda escolar \u00e9 um item essencial nas escolas p\u00fablicas de todo o pa\u00eds, pois ela ajuda atender as necessidades nutricionais de crian\u00e7as e adolescentes&hellip; <\/p>\n","protected":false},"author":2,"featured_media":166574,"comment_status":"closed","ping_status":"closed","sticky":false,"template":"","format":"standard","meta":{"sfsi_plus_gutenberg_text_before_share":"","sfsi_plus_gutenberg_show_text_before_share":"","sfsi_plus_gutenberg_icon_type":"","sfsi_plus_gutenberg_icon_alignemt":"","sfsi_plus_gutenburg_max_per_row":"","footnotes":""},"categories":[6],"tags":[],"class_list":["post-166573","post","type-post","status-publish","format-standard","has-post-thumbnail","hentry","category-cidades"],"_links":{"self":[{"href":"https:\/\/www.caririemacao.com\/1\/wp-json\/wp\/v2\/posts\/166573","targetHints":{"allow":["GET"]}}],"collection":[{"href":"https:\/\/www.caririemacao.com\/1\/wp-json\/wp\/v2\/posts"}],"about":[{"href":"https:\/\/www.caririemacao.com\/1\/wp-json\/wp\/v2\/types\/post"}],"author":[{"embeddable":true,"href":"https:\/\/www.caririemacao.com\/1\/wp-json\/wp\/v2\/users\/2"}],"replies":[{"embeddable":true,"href":"https:\/\/www.caririemacao.com\/1\/wp-json\/wp\/v2\/comments?post=166573"}],"version-history":[{"count":1,"href":"https:\/\/www.caririemacao.com\/1\/wp-json\/wp\/v2\/posts\/166573\/revisions"}],"predecessor-version":[{"id":166575,"href":"https:\/\/www.caririemacao.com\/1\/wp-json\/wp\/v2\/posts\/166573\/revisions\/166575"}],"wp:featuredmedia":[{"embeddable":true,"href":"https:\/\/www.caririemacao.com\/1\/wp-json\/wp\/v2\/media\/166574"}],"wp:attachment":[{"href":"https:\/\/www.caririemacao.com\/1\/wp-json\/wp\/v2\/media?parent=166573"}],"wp:term":[{"taxonomy":"category","embeddable":true,"href":"https:\/\/www.caririemacao.com\/1\/wp-json\/wp\/v2\/categories?post=166573"},{"taxonomy":"post_tag","embeddable":true,"href":"https:\/\/www.caririemacao.com\/1\/wp-json\/wp\/v2\/tags?post=166573"}],"curies":[{"name":"wp","href":"https:\/\/api.w.org\/{rel}","templated":true}]}}