{"id":166577,"date":"2020-04-29T13:28:37","date_gmt":"2020-04-29T16:28:37","guid":{"rendered":"https:\/\/www.caririemacao.com\/1\/?p=166577"},"modified":"2020-04-29T13:28:37","modified_gmt":"2020-04-29T16:28:37","slug":"prefeito-eden-duarte-mantem-restricoes-de-funcionamento-do-comercio-local-devido-ao-coronavirus","status":"publish","type":"post","link":"https:\/\/www.caririemacao.com\/1\/2020\/04\/29\/prefeito-eden-duarte-mantem-restricoes-de-funcionamento-do-comercio-local-devido-ao-coronavirus\/","title":{"rendered":"Prefeito \u00c9den Duarte mant\u00e9m restri\u00e7\u00f5es de funcionamento do com\u00e9rcio local devido ao coronav\u00edrus"},"content":{"rendered":"\n<p>O prefeito de Sum\u00e9, \u00c9den Duarte, prorrogou o decreto n\u00b0 1.317\/2020, que trata sobre o fechamento do com\u00e9rcio local para servi\u00e7os n\u00e3o essenciais, visando conter a dissemina\u00e7\u00e3o do novo coronav\u00edrus. O decreto vigora de 28\/04 a 12 de maio.<\/p>\n\n\n\n<p>Com a manuten\u00e7\u00e3o do decreto, s\u00f3 fica permitido funcionar, farm\u00e1cias, supermercados e mercadinhos, postos de combust\u00edveis, padarias e similares, quitandas, distribuidoras de \u00e1gua e g\u00e1s, estabelecimentos de vendas de ra\u00e7\u00e3o e produtos veterin\u00e1rios, oficinas para manuten\u00e7\u00e3o e consertos de ve\u00edculos, funer\u00e1rias, bancos, lot\u00e9ricas, similares e estabelecimentos m\u00e9dicos, odontol\u00f3gicos e laborat\u00f3rios.<\/p>\n\n\n\n<p>Todas as outras atividades que est\u00e3o proibidas de abrirem as portas e n\u00e3o inclu\u00eddas nas exce\u00e7\u00f5es do \u00a7 1\u00ba da cabe\u00e7a do artigo 1\u00ba ficam autorizadas a funcionar atrav\u00e9s de entrega em domic\u00edlio (delivery), inclusive por aplicativos, vedado, em qualquer caso, o atendimento presencial de clientes em suas depend\u00eancias, com exce\u00e7\u00e3o de recebimento de pagamentos.<\/p>\n\n\n\n<p>O prefeito \u00c9den Duarte pede \u00e0 popula\u00e7\u00e3o para se manter os cuidados contra o coronav\u00edrus. De acordo com ele, esse \u00e9 um momento de uni\u00e3o, equil\u00edbrio e bom senso por parte de todos. Ele alerta tamb\u00e9m para os n\u00fameros de contamina\u00e7\u00e3o na Para\u00edba que vem crescendo consideravelmente, com um grande n\u00famero de interna\u00e7\u00f5es hospitalares.<\/p>\n\n\n\n<p>\u201cApesar de n\u00e3o termos nenhum caso de contamina\u00e7\u00e3o no munic\u00edpio, as medidas preventivas e o isolamento social s\u00e3o fundamentais para se evitar a dissemina\u00e7\u00e3o do v\u00edrus\u201d, orientou o prefeito.<\/p>\n\n\n\n<p>Confira:&nbsp;<a href=\"http:\/\/www.sume.pb.gov.br\/wp-content\/uploads\/2020\/04\/Decreto-1.320-Altera-o-decreto-1.317-Medidas-contra-o-Coronavirus.pdf\">Decreto 1.320 \u2013 Altera o decreto 1.317 \u2013 Medidas contra o Coronavirus<\/a><\/p>\n\n\n\n<p>Ascom PMS<\/p>\n","protected":false},"excerpt":{"rendered":"<p>O prefeito de Sum\u00e9, \u00c9den Duarte, prorrogou o decreto n\u00b0 1.317\/2020, que trata sobre o fechamento do com\u00e9rcio local para servi\u00e7os n\u00e3o essenciais, visando conter&hellip; <\/p>\n","protected":false},"author":2,"featured_media":87902,"comment_status":"closed","ping_status":"closed","sticky":false,"template":"","format":"standard","meta":{"sfsi_plus_gutenberg_text_before_share":"","sfsi_plus_gutenberg_show_text_before_share":"","sfsi_plus_gutenberg_icon_type":"","sfsi_plus_gutenberg_icon_alignemt":"","sfsi_plus_gutenburg_max_per_row":"","footnotes":""},"categories":[6],"tags":[],"class_list":["post-166577","post","type-post","status-publish","format-standard","has-post-thumbnail","hentry","category-cidades"],"_links":{"self":[{"href":"https:\/\/www.caririemacao.com\/1\/wp-json\/wp\/v2\/posts\/166577","targetHints":{"allow":["GET"]}}],"collection":[{"href":"https:\/\/www.caririemacao.com\/1\/wp-json\/wp\/v2\/posts"}],"about":[{"href":"https:\/\/www.caririemacao.com\/1\/wp-json\/wp\/v2\/types\/post"}],"author":[{"embeddable":true,"href":"https:\/\/www.caririemacao.com\/1\/wp-json\/wp\/v2\/users\/2"}],"replies":[{"embeddable":true,"href":"https:\/\/www.caririemacao.com\/1\/wp-json\/wp\/v2\/comments?post=166577"}],"version-history":[{"count":1,"href":"https:\/\/www.caririemacao.com\/1\/wp-json\/wp\/v2\/posts\/166577\/revisions"}],"predecessor-version":[{"id":166578,"href":"https:\/\/www.caririemacao.com\/1\/wp-json\/wp\/v2\/posts\/166577\/revisions\/166578"}],"wp:featuredmedia":[{"embeddable":true,"href":"https:\/\/www.caririemacao.com\/1\/wp-json\/wp\/v2\/media\/87902"}],"wp:attachment":[{"href":"https:\/\/www.caririemacao.com\/1\/wp-json\/wp\/v2\/media?parent=166577"}],"wp:term":[{"taxonomy":"category","embeddable":true,"href":"https:\/\/www.caririemacao.com\/1\/wp-json\/wp\/v2\/categories?post=166577"},{"taxonomy":"post_tag","embeddable":true,"href":"https:\/\/www.caririemacao.com\/1\/wp-json\/wp\/v2\/tags?post=166577"}],"curies":[{"name":"wp","href":"https:\/\/api.w.org\/{rel}","templated":true}]}}