{"id":166580,"date":"2020-04-29T13:38:02","date_gmt":"2020-04-29T16:38:02","guid":{"rendered":"https:\/\/www.caririemacao.com\/1\/?p=166580"},"modified":"2020-04-29T13:38:02","modified_gmt":"2020-04-29T16:38:02","slug":"preco-de-referencia-nova-plataforma-permite-cotacao-em-tempo-real-para-compras-publicas","status":"publish","type":"post","link":"https:\/\/www.caririemacao.com\/1\/2020\/04\/29\/preco-de-referencia-nova-plataforma-permite-cotacao-em-tempo-real-para-compras-publicas\/","title":{"rendered":"&#8216;Pre\u00e7o de refer\u00eancia\u2019: nova plataforma permite cota\u00e7\u00e3o em tempo real para compras p\u00fablicas"},"content":{"rendered":"\n<p><em>Tribunal de Contas, em parceria com Governo do Estado e UFPB, lan\u00e7a consulta online que evita sobrepre\u00e7o ou superfaturamento em licita\u00e7\u00f5es<\/em><\/p>\n\n\n\n<p>Para imprimir celeridade, transpar\u00eancia e efici\u00eancia \u00e0s aquisi\u00e7\u00f5es, inclusive para enfrentamento da emerg\u00eancia de sa\u00fade p\u00fablica na Para\u00edba decorrente do coronav\u00edrus (Covid-19), o Tribunal de Contas do Estado da Para\u00edba, em parceria com o Governo do Estado, lan\u00e7ou nesta quarta-feira (22), durante sess\u00e3o extraordin\u00e1ria remota do Pleno, o&nbsp;<strong><a href=\"http:\/\/precodereferencia.tce.pb.gov.br\/\">\u2018Pre\u00e7o de Refer\u00eancia\u2019<\/a><\/strong>. \u00c9 a primeira ferramenta do pa\u00eds capaz de fazer cota\u00e7\u00f5es, em tempo real, de pre\u00e7os considerando os tr\u00eas perfis de consumidor: pessoa f\u00edsica, pessoa jur\u00eddica e \u00f3rg\u00e3os p\u00fablicos.<\/p>\n\n\n\n<p>A partir de agora, todos os gestores p\u00fablicos poder\u00e3o utilizar o&nbsp;<a href=\"http:\/\/precodereferencia.tce.pb.gov.br\/\">\u2018<strong>Pre\u00e7o de Refer\u00eancia\u2019<\/strong><\/a>&nbsp;como ferramenta auxiliar em seus processos de cota\u00e7\u00e3o de pre\u00e7os (mapas e planilhas de valores), para itens que ser\u00e3o adquiridos pelos \u00f3rg\u00e3os. Um banco de dados foi criado a partir de informa\u00e7\u00f5es de cupons e notas fiscais eletr\u00f4nicas registradas na Secretaria de Estado da Fazenda da Para\u00edba.<\/p>\n\n\n\n<p>Nas contrata\u00e7\u00f5es p\u00fablicas, sejam decorrentes de procedimento licitat\u00f3rio, sejam de contrata\u00e7\u00e3o direta, a pesquisa de pre\u00e7os demanda em torno de 45% do tempo total gasto em todo o processo de aquisi\u00e7\u00e3o. Com a nova plataforma de consulta&nbsp;<a href=\"http:\/\/precodereferencia.tce.pb.gov.br\/\">\u2018<strong>Pre\u00e7o de Refer\u00eancia<\/strong>\u2019,<\/a>&nbsp;lan\u00e7ada pelo TCE-PB em parceria com o Governo do Estado e Universidade Federal da Para\u00edba (UFPB), al\u00e9m de mais celeridade, tamb\u00e9m se busca evitar a ocorr\u00eancia de sobrepre\u00e7os e superfaturamento nas aquisi\u00e7\u00f5es, al\u00e9m de oportunizar aos gestores uma forma de corrigir eventuais impropriedades.<\/p>\n\n\n\n<p>A nova plataforma \u00e9 um projeto de melhoria dos controles internos municipais e estadual. O presidente do Tribunal de Contas da Para\u00edba, conselheiro Arn\u00f3bio Viana destacou que \u201co sistema foi desenvolvido para auxiliar os gestores p\u00fablicos, especialmente as divis\u00f5es de licita\u00e7\u00f5es e compras dos \u00f3rg\u00e3os p\u00fablicos em todas as cidades da Para\u00edba, na fase de elabora\u00e7\u00e3o dos mapas de pre\u00e7os, colaborando na gera\u00e7\u00e3o dos valores de refer\u00eancia praticados nos processos licitat\u00f3rios\u201d.<\/p>\n\n\n\n<p>A partir do&nbsp;<a href=\"http:\/\/precodereferencia.tce.pb.gov.br\/\">\u2018<strong>Pre\u00e7o de Refer\u00eancia\u2019<\/strong>&nbsp;<\/a>as equipes ter\u00e3o acesso \u00e0s cota\u00e7\u00f5es de pre\u00e7os m\u00e9dio, m\u00ednimo e m\u00e1ximo, praticados no mercado nos \u00faltimos doze meses, a partir do banco de dados de todos os cupons e notas fiscais emitidos para consumidores na Para\u00edba, seja pessoa f\u00edsica ou jur\u00eddica, inclusive \u00f3rg\u00e3os p\u00fablicos. \u201cCom isso, haver\u00e1 um balizamento de valores, para que n\u00e3o haja distor\u00e7\u00f5es em processos relativos \u00e0 compra pelas gest\u00f5es\u201d, frisou o conselheiro Arn\u00f3bio Viana.<\/p>\n\n\n\n<p>O coordenador do projeto&nbsp;<a href=\"http:\/\/precodereferencia.tce.pb.gov.br\/\">\u2018<strong>Pre\u00e7o de Refer\u00eancia\u2019<\/strong>,<\/a>&nbsp;o auditor de contas p\u00fablicas do TCE-PB, Aguinaldo Macedo, explicou que as cota\u00e7\u00f5es de pre\u00e7os s\u00e3o geradas a partir do processamento de quase 1,4 bilh\u00e3o de cupons e notas fiscais eletr\u00f4nicas, considerando mais de 4 milh\u00f5es de tipos de produtos distintos vendidos na Para\u00edba. &nbsp;\u201cA gera\u00e7\u00e3o autom\u00e1tica de cota\u00e7\u00e3o de pre\u00e7os para at\u00e9 20 produtos \u00e9 feita simultaneamente, sejam eles material de consumo ou bens permanentes, com c\u00e1lculo de pre\u00e7os m\u00ednimo, m\u00e1ximo e diversos tipos de m\u00e9dia. Tudo est\u00e1 estatisticamente fundamentado\u201d, detalhou.&nbsp;<\/p>\n\n\n\n<p>A nova plataforma lan\u00e7ada pelo Tribunal de Contas do Estado tamb\u00e9m permite a gera\u00e7\u00e3o autom\u00e1tica de Certificado Eletr\u00f4nico de Cota\u00e7\u00e3o de Pre\u00e7os, com reconhecimento digital por QRCode. Essa verifica\u00e7\u00e3o por esse tipo de c\u00f3digo de barras garante total seguran\u00e7a \u00e0s futuras valida\u00e7\u00f5es do documento.<\/p>\n\n\n\n<p>O conselheiro Arn\u00f3bio Viana enfatiza que a nova plataforma n\u00e3o altera as normas de licita\u00e7\u00f5es. Todas as leis e normas vigentes relacionadas aos processos licitat\u00f3rios devem continuar sendo observadas, sejam elas referentes aos preg\u00f5es, convites, tomada de pre\u00e7os, concorr\u00eancias, dispensas, inexigibilidades entre outros.<\/p>\n\n\n\n<p>\u201cE nesse per\u00edodo, para enfrentamento da emerg\u00eancia em sa\u00fade decorrente do coronav\u00edrus (Covid-19), devem ser tomadas as devidas cautelas para que atenda satisfatoriamente as necessidades da administra\u00e7\u00e3o. O pre\u00e7o praticado tem que estar sempre de acordo com o mercado, evitando poss\u00edvel sobrepre\u00e7o ou superfaturamento. Em tempos de gastos extraordin\u00e1rios e recursos escassos, a correta aplica\u00e7\u00e3o dos recursos p\u00fablicos se mostra ainda mais importante\u201d, alertou o presidente do TCE-PB.<\/p>\n\n\n\n<p>Todos os pre\u00e7os apresentados pela plataforma s\u00e3o oriundos da Base de Dados de Notas e Cupons Fiscais Eletr\u00f4nicos (Sefaz-PB), emitidos sempre que um estabelecimento &nbsp;vende para consumidores localizados no estado da Para\u00edba, sejam pessoas f\u00edsicas ou jur\u00eddicas.<\/p>\n","protected":false},"excerpt":{"rendered":"<p>Tribunal de Contas, em parceria com Governo do Estado e UFPB, lan\u00e7a consulta online que evita sobrepre\u00e7o ou superfaturamento em licita\u00e7\u00f5es Para imprimir celeridade, transpar\u00eancia&hellip; <\/p>\n","protected":false},"author":1,"featured_media":166581,"comment_status":"closed","ping_status":"closed","sticky":false,"template":"","format":"standard","meta":{"sfsi_plus_gutenberg_text_before_share":"","sfsi_plus_gutenberg_show_text_before_share":"","sfsi_plus_gutenberg_icon_type":"","sfsi_plus_gutenberg_icon_alignemt":"","sfsi_plus_gutenburg_max_per_row":"","footnotes":""},"categories":[2],"tags":[],"class_list":["post-166580","post","type-post","status-publish","format-standard","has-post-thumbnail","hentry","category-geral"],"_links":{"self":[{"href":"https:\/\/www.caririemacao.com\/1\/wp-json\/wp\/v2\/posts\/166580","targetHints":{"allow":["GET"]}}],"collection":[{"href":"https:\/\/www.caririemacao.com\/1\/wp-json\/wp\/v2\/posts"}],"about":[{"href":"https:\/\/www.caririemacao.com\/1\/wp-json\/wp\/v2\/types\/post"}],"author":[{"embeddable":true,"href":"https:\/\/www.caririemacao.com\/1\/wp-json\/wp\/v2\/users\/1"}],"replies":[{"embeddable":true,"href":"https:\/\/www.caririemacao.com\/1\/wp-json\/wp\/v2\/comments?post=166580"}],"version-history":[{"count":1,"href":"https:\/\/www.caririemacao.com\/1\/wp-json\/wp\/v2\/posts\/166580\/revisions"}],"predecessor-version":[{"id":166582,"href":"https:\/\/www.caririemacao.com\/1\/wp-json\/wp\/v2\/posts\/166580\/revisions\/166582"}],"wp:featuredmedia":[{"embeddable":true,"href":"https:\/\/www.caririemacao.com\/1\/wp-json\/wp\/v2\/media\/166581"}],"wp:attachment":[{"href":"https:\/\/www.caririemacao.com\/1\/wp-json\/wp\/v2\/media?parent=166580"}],"wp:term":[{"taxonomy":"category","embeddable":true,"href":"https:\/\/www.caririemacao.com\/1\/wp-json\/wp\/v2\/categories?post=166580"},{"taxonomy":"post_tag","embeddable":true,"href":"https:\/\/www.caririemacao.com\/1\/wp-json\/wp\/v2\/tags?post=166580"}],"curies":[{"name":"wp","href":"https:\/\/api.w.org\/{rel}","templated":true}]}}