{"id":166589,"date":"2020-04-29T13:55:20","date_gmt":"2020-04-29T16:55:20","guid":{"rendered":"https:\/\/www.caririemacao.com\/1\/?p=166589"},"modified":"2020-04-29T13:55:20","modified_gmt":"2020-04-29T16:55:20","slug":"seis-tripulantes-de-navio-testam-positivo-para-o-covid-19-no-porto-de-cabedelo-pb","status":"publish","type":"post","link":"https:\/\/www.caririemacao.com\/1\/2020\/04\/29\/seis-tripulantes-de-navio-testam-positivo-para-o-covid-19-no-porto-de-cabedelo-pb\/","title":{"rendered":"Seis tripulantes de navio testam positivo para o Covid-19 no porto de Cabedelo, PB"},"content":{"rendered":"\n<p>Seis tripulantes de um navio petroleiro testaram positivo para a Covid-19, de acordo com a Secretaria de Estado da Sa\u00fade (SES). Eles estavam dentro da embarca\u00e7\u00e3o que atracou no Porto de Cabedelo, Regi\u00e3o Metropolitana de Jo\u00e3o Pessoa e a informa\u00e7\u00e3o foi confirmada na manh\u00e3 desta quarta-feira (29). Outros 20 exames, conforme a Secretaria Municipal de Sa\u00fade de Cabedelo (Sescab), obtiveram resultados negativos.<\/p>\n\n\n\n<p>Os tripulantes com coronav\u00edrus devem ficar em quarentena dentro do navio, at\u00e9 uma decis\u00e3o oficial da Sescab, que deve ser divulgada ainda na manh\u00e3 desta quarta-feira. Segundo a SES, eles ser\u00e3o acompanhados pela Secretaria Municipal de Sa\u00fade de Cabedelo e pela Anvisa, seguindo o plano de conting\u00eancia do Porto de Cabedelo.<\/p>\n\n\n\n<p>Segundo informou a Companhia Docas da Para\u00edba (Docas-PB) nesta segunda-feira (27), o isolamento da tripula\u00e7\u00e3o se deu pelo fato de dois tripulantes apresentarem febre, um dos sintomas da Covid-19, doen\u00e7a causada pelo novo coronav\u00edrus.<\/p>\n\n\n\n<p>A Prefeitura Municipal de Cabedelo (PMC), por meio da Sescab, informou que vem adotando todos os protocolos de seguran\u00e7a recomendados pela Anvisa para o isolamento dos tripulantes do petroleiro com suspeita de Covid-19.<\/p>\n\n\n\n<p>Em nota publicada pela Docas-PB, o navio petroleiro Stena Premium, que tem bandeira das ilhas Bermudas, saiu da cidade de Guamar\u00e9, no Rio Grande do Norte e notificou a Ag\u00eancia Nacional de Vigil\u00e2ncia Sanit\u00e1ria (Anvisa) o quadro de febre dos tripulantes.00:00\/00:28<\/p>\n\n\n\n<figure class=\"wp-block-image\"><img decoding=\"async\" data-src=\"https:\/\/s03.video.glbimg.com\/x720\/8517782.jpg\" alt=\"Seis tripulantes de navio testam positivo para Covid-19 no Porto de Cabedelo, PB\" title=\"Seis tripulantes de navio testam positivo para Covid-19 no Porto de Cabedelo, PB\" src=\"data:image\/svg+xml;base64,PHN2ZyB3aWR0aD0iMSIgaGVpZ2h0PSIxIiB4bWxucz0iaHR0cDovL3d3dy53My5vcmcvMjAwMC9zdmciPjwvc3ZnPg==\" class=\"lazyload\" \/><\/figure>\n\n\n\n<p>Seis tripulantes de navio testam positivo para Covid-19 no Porto de Cabedelo, PB<\/p>\n\n\n\n<p>Segundo a companhia, enquanto aguardava libera\u00e7\u00e3o dos documentos por parte da Anvisa, o comandante do navio acompanhou o quadro de sa\u00fade dos tripulantes e enviou informa\u00e7\u00f5es duas vezes ao dia para a Docas-PB, para a Anvisa, Pol\u00edcia Federal e Capitania dos Portos da Para\u00edba (CPPB), al\u00e9m da secretaria de sa\u00fade de Cabedelo e da Secretaria de Estado da Sa\u00fade (SES).<\/p>\n\n\n\n<p>A embarca\u00e7\u00e3o foi autorizada a atracar na sexta-feira (24), ap\u00f3s libera\u00e7\u00e3o dos documentos, mas o navio vai ficar isolado no ber\u00e7o 101 do porto e n\u00e3o tem autoriza\u00e7\u00e3o para realizar nenhuma opera\u00e7\u00e3o. Conforme a assessoria de imprensa da SES, equipes de sa\u00fade subiram \u00e0 bordo do navio para fazer testes com toda a tripula\u00e7\u00e3o.<\/p>\n\n\n\n<p>Al\u00e9m do Stena Premium, outros dois navios est\u00e3o atracados no Porto de Cabedelo, um para descarga de 29 mil toneladas de coque de petr\u00f3leo e outro para descarga de 8 mil toneladas de trigo. As duas embarca\u00e7\u00f5es seguiram o protocolo de seguran\u00e7a e n\u00e3o apresentam riscos \u00e0 sa\u00fade, estando com opera\u00e7\u00f5es autorizadas, segundo a Companhia Docas da Para\u00edba.<\/p>\n\n\n\n<p>A secretaria de sa\u00fade de Cabedelo informou que est\u00e1 monitorando o caso junto com a Anvisa e a Capitania dos Portos e que j\u00e1 t\u00eam um plano de a\u00e7\u00e3o determinado em caso de confirma\u00e7\u00e3o da Covid-19 em algum tripulante.<\/p>\n","protected":false},"excerpt":{"rendered":"<p>Seis tripulantes de um navio petroleiro testaram positivo para a Covid-19, de acordo com a Secretaria de Estado da Sa\u00fade (SES). Eles estavam dentro da&hellip; <\/p>\n","protected":false},"author":1,"featured_media":166590,"comment_status":"closed","ping_status":"closed","sticky":false,"template":"","format":"standard","meta":{"sfsi_plus_gutenberg_text_before_share":"","sfsi_plus_gutenberg_show_text_before_share":"","sfsi_plus_gutenberg_icon_type":"","sfsi_plus_gutenberg_icon_alignemt":"","sfsi_plus_gutenburg_max_per_row":"","footnotes":""},"categories":[50],"tags":[],"class_list":["post-166589","post","type-post","status-publish","format-standard","has-post-thumbnail","hentry","category-destaque"],"_links":{"self":[{"href":"https:\/\/www.caririemacao.com\/1\/wp-json\/wp\/v2\/posts\/166589","targetHints":{"allow":["GET"]}}],"collection":[{"href":"https:\/\/www.caririemacao.com\/1\/wp-json\/wp\/v2\/posts"}],"about":[{"href":"https:\/\/www.caririemacao.com\/1\/wp-json\/wp\/v2\/types\/post"}],"author":[{"embeddable":true,"href":"https:\/\/www.caririemacao.com\/1\/wp-json\/wp\/v2\/users\/1"}],"replies":[{"embeddable":true,"href":"https:\/\/www.caririemacao.com\/1\/wp-json\/wp\/v2\/comments?post=166589"}],"version-history":[{"count":1,"href":"https:\/\/www.caririemacao.com\/1\/wp-json\/wp\/v2\/posts\/166589\/revisions"}],"predecessor-version":[{"id":166591,"href":"https:\/\/www.caririemacao.com\/1\/wp-json\/wp\/v2\/posts\/166589\/revisions\/166591"}],"wp:featuredmedia":[{"embeddable":true,"href":"https:\/\/www.caririemacao.com\/1\/wp-json\/wp\/v2\/media\/166590"}],"wp:attachment":[{"href":"https:\/\/www.caririemacao.com\/1\/wp-json\/wp\/v2\/media?parent=166589"}],"wp:term":[{"taxonomy":"category","embeddable":true,"href":"https:\/\/www.caririemacao.com\/1\/wp-json\/wp\/v2\/categories?post=166589"},{"taxonomy":"post_tag","embeddable":true,"href":"https:\/\/www.caririemacao.com\/1\/wp-json\/wp\/v2\/tags?post=166589"}],"curies":[{"name":"wp","href":"https:\/\/api.w.org\/{rel}","templated":true}]}}