{"id":166592,"date":"2020-04-29T13:58:43","date_gmt":"2020-04-29T16:58:43","guid":{"rendered":"https:\/\/www.caririemacao.com\/1\/?p=166592"},"modified":"2020-04-29T13:58:43","modified_gmt":"2020-04-29T16:58:43","slug":"sem-isolamento-casos-de-coronavirus-aumentam-160-apos-flexibilizacao-do-comercio-em-blumenau","status":"publish","type":"post","link":"https:\/\/www.caririemacao.com\/1\/2020\/04\/29\/sem-isolamento-casos-de-coronavirus-aumentam-160-apos-flexibilizacao-do-comercio-em-blumenau\/","title":{"rendered":"Sem isolamento, casos de coronav\u00edrus aumentam 160% ap\u00f3s flexibiliza\u00e7\u00e3o do com\u00e9rcio em Blumenau"},"content":{"rendered":"\n<p>O n\u00famero de casos de Covid-19 em&nbsp;Blumenau, no Estado de Santa Catarina, mais do que dobrou desde a reabertura do com\u00e9rcio na cidade, em 13 de abril. Naquela data, eram 68 pacientes infectados, contra 177 na ter\u00e7a-feira (28), segundo o governo do estado \u2013 um crescimento de 160%.<\/p>\n\n\n\n<p>A reabertura do com\u00e9rcio foi autorizada pela prefeitura, na ocasi\u00e3o, ap\u00f3s um decreto estadual que permitiu a reabertura mediante algumas regras, entre elas a proibi\u00e7\u00e3o de provas das mercadorias e a obriga\u00e7\u00e3o de uso de m\u00e1scaras pelos funcion\u00e1rios.<\/p>\n\n\n\n<p>O munic\u00edpio n\u00e3o registrou mortes em decorr\u00eancia da infec\u00e7\u00e3o. Em todo estado, eram 1.995 as pessoas com casos confirmados de coronav\u00edrus, com 44 \u00f3bitos, segundo balan\u00e7o de ter\u00e7a-feira (28).<\/p>\n\n\n\n<p>A Prefeitura de Blumenau atribuiu a alta \u00e0 volta do com\u00e9rcio e \u00e0 quantidade maior de testes realizados. Os testes inicialmente eram feitos em pacientes internados; depois, pessoas com sintomas de resfriado tamb\u00e9m passaram a ser submetidas \u00e0 testagem. N\u00e3o foi informada a quantidade de pessoas testadas desde a reabertura do com\u00e9rcio. A amplia\u00e7\u00e3o de testes come\u00e7ou h\u00e1 cerca de uma semana.<\/p>\n\n\n\n<p>\u201cPodemos dizer que existe uma rela\u00e7\u00e3o entre a abertura do isolamento e o aumento de casos positivos. Al\u00e9m disso, [h\u00e1] o fato de estarmos testando mais pessoas\u201d, disse Winnetou Krambecko, secret\u00e1rio da Secretaria de Promo\u00e7\u00e3o da Sa\u00fade (Semus).<\/p>\n\n\n\n<p>Tamb\u00e9m por meio de nota, o governo do Estado de Santa Catarina informou que o aumento \u201cfaz parte de um movimento esperado da doen\u00e7a diante da dissemina\u00e7\u00e3o do v\u00edrus e da amplia\u00e7\u00e3o da testagem\u201d.<\/p>\n\n\n\n<p><strong>Aglomera\u00e7\u00f5es<\/strong><br>Na quarta (22), quando foi autorizado o funcionamento de shoppings e afins, um dos estabelecimentos chegou a ter aglomera\u00e7\u00e3o de pessoas por causa da reabertura e depois acabou notificado pela Justi\u00e7a e Vigil\u00e2ncia Sanit\u00e1ria. O munic\u00edpio, por\u00e9m, diz n\u00e3o ser poss\u00edvel associar o aumento \u00e0 volta desses espa\u00e7os em raz\u00e3o do curto espa\u00e7o de tempo verificado desde ent\u00e3o \u2013 menos de uma semana.<\/p>\n\n\n\n<p>No domingo (26), moradores flagraram situa\u00e7\u00e3o semelhante em um food park da cidade. Apesar de ficar em local aberto, havia pessoas aglomeradas e sem m\u00e1scara, item que \u00e9 obrigat\u00f3rio em Santa Catarina. A prefeitura tamb\u00e9m notificou o estabelecimento.<\/p>\n\n\n\n<p>O prefeito de Blumenau, M\u00e1rio Hildebrandt, lamentou os dois epis\u00f3dios e refor\u00e7ou a necessidade de as pessoas sa\u00edrem de casa somente em caso de extrema necessidade.<\/p>\n\n\n\n<p>\u201cCada vez que as pessoas se colocam nessa situa\u00e7\u00e3o, n\u00e3o colocam s\u00f3 sua vida em risco, mas as de outros, de levar para dentro de casa. Participamos e ajudamos no processo de fiscaliza\u00e7\u00e3o, mas cabe a cada cidad\u00e3o avaliar qual o risco est\u00e1 trazendo para nossa vida e de nossos familiares\u201d, disse.<br>Santa Catarina decretou situa\u00e7\u00e3o de emerg\u00eancia e come\u00e7ou a quarentena em 17 de mar\u00e7o. Os primeiros casos de coronav\u00edrus em Blumenau, sendo seis, foram contabilizados em 22 de mar\u00e7o. Com o passar das semanas, foram ocorrendo flexibiliza\u00e7\u00f5es, apesar da continuidade das orienta\u00e7\u00f5es de isolamento social e ainda suspens\u00e3o de alguns servi\u00e7os, como o transporte coletivo e aulas<\/p>\n","protected":false},"excerpt":{"rendered":"<p>O n\u00famero de casos de Covid-19 em&nbsp;Blumenau, no Estado de Santa Catarina, mais do que dobrou desde a reabertura do com\u00e9rcio na cidade, em 13&hellip; <\/p>\n","protected":false},"author":1,"featured_media":166594,"comment_status":"closed","ping_status":"closed","sticky":false,"template":"","format":"standard","meta":{"sfsi_plus_gutenberg_text_before_share":"","sfsi_plus_gutenberg_show_text_before_share":"","sfsi_plus_gutenberg_icon_type":"","sfsi_plus_gutenberg_icon_alignemt":"","sfsi_plus_gutenburg_max_per_row":"","footnotes":""},"categories":[50],"tags":[],"class_list":["post-166592","post","type-post","status-publish","format-standard","has-post-thumbnail","hentry","category-destaque"],"_links":{"self":[{"href":"https:\/\/www.caririemacao.com\/1\/wp-json\/wp\/v2\/posts\/166592","targetHints":{"allow":["GET"]}}],"collection":[{"href":"https:\/\/www.caririemacao.com\/1\/wp-json\/wp\/v2\/posts"}],"about":[{"href":"https:\/\/www.caririemacao.com\/1\/wp-json\/wp\/v2\/types\/post"}],"author":[{"embeddable":true,"href":"https:\/\/www.caririemacao.com\/1\/wp-json\/wp\/v2\/users\/1"}],"replies":[{"embeddable":true,"href":"https:\/\/www.caririemacao.com\/1\/wp-json\/wp\/v2\/comments?post=166592"}],"version-history":[{"count":1,"href":"https:\/\/www.caririemacao.com\/1\/wp-json\/wp\/v2\/posts\/166592\/revisions"}],"predecessor-version":[{"id":166595,"href":"https:\/\/www.caririemacao.com\/1\/wp-json\/wp\/v2\/posts\/166592\/revisions\/166595"}],"wp:featuredmedia":[{"embeddable":true,"href":"https:\/\/www.caririemacao.com\/1\/wp-json\/wp\/v2\/media\/166594"}],"wp:attachment":[{"href":"https:\/\/www.caririemacao.com\/1\/wp-json\/wp\/v2\/media?parent=166592"}],"wp:term":[{"taxonomy":"category","embeddable":true,"href":"https:\/\/www.caririemacao.com\/1\/wp-json\/wp\/v2\/categories?post=166592"},{"taxonomy":"post_tag","embeddable":true,"href":"https:\/\/www.caririemacao.com\/1\/wp-json\/wp\/v2\/tags?post=166592"}],"curies":[{"name":"wp","href":"https:\/\/api.w.org\/{rel}","templated":true}]}}