{"id":166600,"date":"2020-04-29T14:53:08","date_gmt":"2020-04-29T17:53:08","guid":{"rendered":"https:\/\/www.caririemacao.com\/1\/?p=166600"},"modified":"2020-04-29T14:53:08","modified_gmt":"2020-04-29T17:53:08","slug":"bolsonaro-revela-que-investigacao-sobre-facada-que-recebeu-durante-campanha-eleitoral-sera-reaberta","status":"publish","type":"post","link":"https:\/\/www.caririemacao.com\/1\/2020\/04\/29\/bolsonaro-revela-que-investigacao-sobre-facada-que-recebeu-durante-campanha-eleitoral-sera-reaberta\/","title":{"rendered":"Bolsonaro revela que investiga\u00e7\u00e3o sobre facada que recebeu durante campanha eleitoral ser\u00e1 &#8216;reaberta&#8217;"},"content":{"rendered":"\n<p>O presidente Jair Bolsonaro afirmou nesta ter\u00e7a-feira (28) que a investiga\u00e7\u00e3o sobre a facada que levou durante a campanha eleitoral, em setembro de 2018, em Juiz de Fora, ser\u00e1 reaberta.<\/p>\n\n\n\n<p>Bolsonaro deu a declara\u00e7\u00e3o durante conversa com apoiadores em frente ao Pal\u00e1cio da Alvorada. Nesta ter\u00e7a, o &#8220;Di\u00e1rio Oficial da Uni\u00e3o&#8221; publicou a nomea\u00e7\u00e3o do novo diretor-geral da Pol\u00edcia Federal, Alexandre Ramagem, amigo dos filhos do presidente. Ramagem substituiu Maur\u00edcio Valeixo, cuja demiss\u00e3o motivou a decis\u00e3o do ent\u00e3o ministro Sergio Moro (Justi\u00e7a) de deixar o governo.<\/p>\n\n\n\n<p>\u201cVai ser reaberta a investiga\u00e7\u00e3o. Foi negligenciado. Foi a conclus\u00e3o. Foi um lobo solit\u00e1rio. Como pode um lobo solit\u00e1rio com tr\u00eas advogados? Quatro celulares? Inclusive, andando pelo Brasil\u201d, questionou o presidente.<\/p>\n\n\n\n<p>A investiga\u00e7\u00e3o da Pol\u00edcia Federal sobre o atentado concluiu que Ad\u00e9lio Bispo de Oliveira, autor da facada, agiu sozinho no momento do crime e por motiva\u00e7\u00e3o pol\u00edtica. Bolsonaro sempre reclamou de n\u00e3o ter sido identificado o suposto mandante do atentado. Ad\u00e9lio Bispo foi considerado portador de doen\u00e7a mental e inimput\u00e1vel pela Justi\u00e7a Federal em Minas Gerais. Bolsonaro n\u00e3o recorreu da decis\u00e3o judicial.<\/p>\n\n\n\n<p>Pouco depois da conversa com os apoiadores, j\u00e1 em entrevista a jornalistas, Bolsonaro relativizou. \u201cDefendo que, em sendo legal, em sendo poss\u00edvel, sim\u201d, respondeu o presidente ao ser indagado se defende a retomada das investiga\u00e7\u00f5es. \u201cA conclus\u00e3o que chegou l\u00e1 \u00e9 que \u00e9 um lobo solit\u00e1rio. Eu acho que n\u00e3o era um lobo solit\u00e1rio. Eu n\u00e3o quero for\u00e7ar a barra nem descobrir, inventar um respons\u00e1vel. T\u00e1 longe, t\u00e1 longe. Nunca passou por mim cometer injusti\u00e7as\u201d, acrescentou Bolsonaro.<\/p>\n\n\n\n<p>Com os apoiadores, o assunto foi introduzido na conversa por uma visitante, que perguntou a Bolsonaro: \u201cPresidente, est\u00e3o cuidando daquele povo que apareceu l\u00e1 agora da tentativa do assassinato do senhor?\u201d<\/p>\n\n\n\n<p>Ap\u00f3s responder que a investiga\u00e7\u00e3o ser\u00e1 reaberta, Bolsonaro disse entender que o caso da facada \u00e9 \u201c200 vezes mais f\u00e1cil de solucionar que o da Marielle [Franco]\u201d, referindo-se \u00e0 vereadora do PSOL, assassinada no Rio de Janeiro em 2018.<\/p>\n\n\n\n<p>Esta n\u00e3o foi primeira vez que Bolsonaro comparou o atentado que sofreu ao caso Marielle Franco. Na \u00faltima sexta-feira, dia em que Moro pediu demiss\u00e3o, o presidente afirmou que a Pol\u00edcia Federal \u2013 sob a gest\u00e3o do ex-juiz \u2013 se preocupou mais com o caso da vereadora que com \u201cseu chefe supremo\u201d.<\/p>\n\n\n\n<p>\u201cCobrei muito dele isso a\u00ed. N\u00e3o interferi. Eu acho que todas as pessoas de bem no Brasil querem saber, e entendo, me desculpe seu ex-ministro, entre meu caso e o da Marielle, o meu t\u00e1 muito menos dif\u00edcil de solucionar\u201d, afirmou Bolsonaro na ocasi\u00e3o.<\/p>\n\n\n\n<p>Al\u00e9m do inqu\u00e9rito que concluiu que Ad\u00e9lio agiu sozinho no momento do crime, a PF deu in\u00edcio, tamb\u00e9m em 2018, a uma segunda investiga\u00e7\u00e3o, que apura poss\u00edveis conex\u00f5es do agressor. Esse segundo inqu\u00e9rito ainda n\u00e3o foi conclu\u00eddo.<\/p>\n","protected":false},"excerpt":{"rendered":"<p>O presidente Jair Bolsonaro afirmou nesta ter\u00e7a-feira (28) que a investiga\u00e7\u00e3o sobre a facada que levou durante a campanha eleitoral, em setembro de 2018, em&hellip; <\/p>\n","protected":false},"author":2,"featured_media":166602,"comment_status":"closed","ping_status":"closed","sticky":false,"template":"","format":"standard","meta":{"sfsi_plus_gutenberg_text_before_share":"","sfsi_plus_gutenberg_show_text_before_share":"","sfsi_plus_gutenberg_icon_type":"","sfsi_plus_gutenberg_icon_alignemt":"","sfsi_plus_gutenburg_max_per_row":"","footnotes":""},"categories":[11],"tags":[],"class_list":["post-166600","post","type-post","status-publish","format-standard","has-post-thumbnail","hentry","category-politica"],"_links":{"self":[{"href":"https:\/\/www.caririemacao.com\/1\/wp-json\/wp\/v2\/posts\/166600","targetHints":{"allow":["GET"]}}],"collection":[{"href":"https:\/\/www.caririemacao.com\/1\/wp-json\/wp\/v2\/posts"}],"about":[{"href":"https:\/\/www.caririemacao.com\/1\/wp-json\/wp\/v2\/types\/post"}],"author":[{"embeddable":true,"href":"https:\/\/www.caririemacao.com\/1\/wp-json\/wp\/v2\/users\/2"}],"replies":[{"embeddable":true,"href":"https:\/\/www.caririemacao.com\/1\/wp-json\/wp\/v2\/comments?post=166600"}],"version-history":[{"count":1,"href":"https:\/\/www.caririemacao.com\/1\/wp-json\/wp\/v2\/posts\/166600\/revisions"}],"predecessor-version":[{"id":166604,"href":"https:\/\/www.caririemacao.com\/1\/wp-json\/wp\/v2\/posts\/166600\/revisions\/166604"}],"wp:featuredmedia":[{"embeddable":true,"href":"https:\/\/www.caririemacao.com\/1\/wp-json\/wp\/v2\/media\/166602"}],"wp:attachment":[{"href":"https:\/\/www.caririemacao.com\/1\/wp-json\/wp\/v2\/media?parent=166600"}],"wp:term":[{"taxonomy":"category","embeddable":true,"href":"https:\/\/www.caririemacao.com\/1\/wp-json\/wp\/v2\/categories?post=166600"},{"taxonomy":"post_tag","embeddable":true,"href":"https:\/\/www.caririemacao.com\/1\/wp-json\/wp\/v2\/tags?post=166600"}],"curies":[{"name":"wp","href":"https:\/\/api.w.org\/{rel}","templated":true}]}}