{"id":166606,"date":"2020-04-29T14:57:21","date_gmt":"2020-04-29T17:57:21","guid":{"rendered":"https:\/\/www.caririemacao.com\/1\/?p=166606"},"modified":"2020-04-29T14:57:21","modified_gmt":"2020-04-29T17:57:21","slug":"prefeitura-de-zabele-distribui-alcool-gel-mascaras-e-cartilhas-informativas-no-comercio-local","status":"publish","type":"post","link":"https:\/\/www.caririemacao.com\/1\/2020\/04\/29\/prefeitura-de-zabele-distribui-alcool-gel-mascaras-e-cartilhas-informativas-no-comercio-local\/","title":{"rendered":"Prefeitura de Zabel\u00ea distribui \u00e1lcool gel, m\u00e1scaras e cartilhas informativas no com\u00e9rcio local"},"content":{"rendered":"\n<p>A Prefeitura Municipal de Zabel\u00ea, atrav\u00e9s da Secretaria de Sa\u00fade, realizou nesta ter\u00e7a-feira (28), uma a\u00e7\u00e3o educativa nos com\u00e9rcios do munic\u00edpio.<\/p>\n\n\n\n<p><br>O trabalho \u00e9 mais uma a\u00e7\u00e3o do bloco de estrat\u00e9gias que tem como objetivo orientar os comerciantes a como proceder na higieniza\u00e7\u00e3o correta dos estabelecimentos, bem como receber os clientes e fornecedores de maneira segura, com o intuito de evitar a transmiss\u00e3o do novo Coronavirus no munic\u00edpio.<\/p>\n\n\n\n<p><br>Na oportunidade os agentes fizeram a distribui\u00e7\u00e3o de \u00e1lcool gel, m\u00e1scaras e cartilhas informativas com as informa\u00e7\u00f5es necess\u00e1rias para a preven\u00e7\u00e3o.<\/p>\n\n\n\n<p>Com Blog F\u00e1bio Brito<\/p>\n","protected":false},"excerpt":{"rendered":"<p>A Prefeitura Municipal de Zabel\u00ea, atrav\u00e9s da Secretaria de Sa\u00fade, realizou nesta ter\u00e7a-feira (28), uma a\u00e7\u00e3o educativa nos com\u00e9rcios do munic\u00edpio. O trabalho \u00e9 mais&hellip; <\/p>\n","protected":false},"author":1,"featured_media":166607,"comment_status":"closed","ping_status":"closed","sticky":false,"template":"","format":"standard","meta":{"sfsi_plus_gutenberg_text_before_share":"","sfsi_plus_gutenberg_show_text_before_share":"","sfsi_plus_gutenberg_icon_type":"","sfsi_plus_gutenberg_icon_alignemt":"","sfsi_plus_gutenburg_max_per_row":"","footnotes":""},"categories":[6],"tags":[],"class_list":["post-166606","post","type-post","status-publish","format-standard","has-post-thumbnail","hentry","category-cidades"],"_links":{"self":[{"href":"https:\/\/www.caririemacao.com\/1\/wp-json\/wp\/v2\/posts\/166606","targetHints":{"allow":["GET"]}}],"collection":[{"href":"https:\/\/www.caririemacao.com\/1\/wp-json\/wp\/v2\/posts"}],"about":[{"href":"https:\/\/www.caririemacao.com\/1\/wp-json\/wp\/v2\/types\/post"}],"author":[{"embeddable":true,"href":"https:\/\/www.caririemacao.com\/1\/wp-json\/wp\/v2\/users\/1"}],"replies":[{"embeddable":true,"href":"https:\/\/www.caririemacao.com\/1\/wp-json\/wp\/v2\/comments?post=166606"}],"version-history":[{"count":1,"href":"https:\/\/www.caririemacao.com\/1\/wp-json\/wp\/v2\/posts\/166606\/revisions"}],"predecessor-version":[{"id":166608,"href":"https:\/\/www.caririemacao.com\/1\/wp-json\/wp\/v2\/posts\/166606\/revisions\/166608"}],"wp:featuredmedia":[{"embeddable":true,"href":"https:\/\/www.caririemacao.com\/1\/wp-json\/wp\/v2\/media\/166607"}],"wp:attachment":[{"href":"https:\/\/www.caririemacao.com\/1\/wp-json\/wp\/v2\/media?parent=166606"}],"wp:term":[{"taxonomy":"category","embeddable":true,"href":"https:\/\/www.caririemacao.com\/1\/wp-json\/wp\/v2\/categories?post=166606"},{"taxonomy":"post_tag","embeddable":true,"href":"https:\/\/www.caririemacao.com\/1\/wp-json\/wp\/v2\/tags?post=166606"}],"curies":[{"name":"wp","href":"https:\/\/api.w.org\/{rel}","templated":true}]}}