{"id":166609,"date":"2020-04-29T15:00:46","date_gmt":"2020-04-29T18:00:46","guid":{"rendered":"https:\/\/www.caririemacao.com\/1\/?p=166609"},"modified":"2020-04-29T15:01:25","modified_gmt":"2020-04-29T18:01:25","slug":"monteiro-presidente-da-camara-defende-utilizacao-dos-fundos-partidarios-e-eleitoral-no-combate-a-covid-19","status":"publish","type":"post","link":"https:\/\/www.caririemacao.com\/1\/2020\/04\/29\/monteiro-presidente-da-camara-defende-utilizacao-dos-fundos-partidarios-e-eleitoral-no-combate-a-covid-19\/","title":{"rendered":"Monteiro: Presidente da C\u00e2mara defende utiliza\u00e7\u00e3o dos fundos partid\u00e1rios e eleitoral, no combate a Covid-19"},"content":{"rendered":"\n<p>O Presidente da C\u00e2mara Municipal de Monteiro vereador Caj\u00f3 Menezes, declarou durante sess\u00e3o extraordin\u00e1ria realizada na \u00faltima sexta feira (24), que \u00e9 favor\u00e1vel e defensor do uso do recurso do fundo eleitoral e do fundo partid\u00e1rio nas a\u00e7\u00f5es de combate ao novo coronav\u00edrus e na resolu\u00e7\u00e3o dos problemas econ\u00f4micos gerados pela pandemia.<\/p>\n\n\n\n<p><br>O recurso \u00e9 utilizado para custear campanhas eleitorais e prev\u00ea uma verba de R$ 2,034 bilh\u00f5es, mais o fundo partid\u00e1rio de R$ 959 milh\u00f5es para o pleito deste ano, ainda mantido para outubro.<br>Caj\u00f3 informou que estar\u00e1 enviando uma carta aberta aos Deputados federais e Senadores da PB, e que est\u00e1 recolhendo as assinaturas dos demais vereadores do munic\u00edpio para poder a encaminhar aos referidos representantes da Para\u00edba.<br>\u201cCom estes recursos, diversas a\u00e7\u00f5es emergenciais poder\u00e3o ser executadas em prol do combate ao Covid 19.Todos os vereadores apoiaram a ideia e confirmaram que assinar\u00e3o a carta aberta ainda no in\u00edcio desta semana\u201d, confirmou o vereador.<\/p>\n\n\n\n<p><\/p>\n\n\n\n<p>Com Blog F\u00e1bio Brito<\/p>\n","protected":false},"excerpt":{"rendered":"<p>O Presidente da C\u00e2mara Municipal de Monteiro vereador Caj\u00f3 Menezes, declarou durante sess\u00e3o extraordin\u00e1ria realizada na \u00faltima sexta feira (24), que \u00e9 favor\u00e1vel e defensor&hellip; <\/p>\n","protected":false},"author":1,"featured_media":166610,"comment_status":"closed","ping_status":"closed","sticky":false,"template":"","format":"standard","meta":{"sfsi_plus_gutenberg_text_before_share":"","sfsi_plus_gutenberg_show_text_before_share":"","sfsi_plus_gutenberg_icon_type":"","sfsi_plus_gutenberg_icon_alignemt":"","sfsi_plus_gutenburg_max_per_row":"","footnotes":""},"categories":[6],"tags":[],"class_list":["post-166609","post","type-post","status-publish","format-standard","has-post-thumbnail","hentry","category-cidades"],"_links":{"self":[{"href":"https:\/\/www.caririemacao.com\/1\/wp-json\/wp\/v2\/posts\/166609","targetHints":{"allow":["GET"]}}],"collection":[{"href":"https:\/\/www.caririemacao.com\/1\/wp-json\/wp\/v2\/posts"}],"about":[{"href":"https:\/\/www.caririemacao.com\/1\/wp-json\/wp\/v2\/types\/post"}],"author":[{"embeddable":true,"href":"https:\/\/www.caririemacao.com\/1\/wp-json\/wp\/v2\/users\/1"}],"replies":[{"embeddable":true,"href":"https:\/\/www.caririemacao.com\/1\/wp-json\/wp\/v2\/comments?post=166609"}],"version-history":[{"count":2,"href":"https:\/\/www.caririemacao.com\/1\/wp-json\/wp\/v2\/posts\/166609\/revisions"}],"predecessor-version":[{"id":166612,"href":"https:\/\/www.caririemacao.com\/1\/wp-json\/wp\/v2\/posts\/166609\/revisions\/166612"}],"wp:featuredmedia":[{"embeddable":true,"href":"https:\/\/www.caririemacao.com\/1\/wp-json\/wp\/v2\/media\/166610"}],"wp:attachment":[{"href":"https:\/\/www.caririemacao.com\/1\/wp-json\/wp\/v2\/media?parent=166609"}],"wp:term":[{"taxonomy":"category","embeddable":true,"href":"https:\/\/www.caririemacao.com\/1\/wp-json\/wp\/v2\/categories?post=166609"},{"taxonomy":"post_tag","embeddable":true,"href":"https:\/\/www.caririemacao.com\/1\/wp-json\/wp\/v2\/tags?post=166609"}],"curies":[{"name":"wp","href":"https:\/\/api.w.org\/{rel}","templated":true}]}}