{"id":166613,"date":"2020-04-29T15:08:25","date_gmt":"2020-04-29T18:08:25","guid":{"rendered":"https:\/\/www.caririemacao.com\/1\/?p=166613"},"modified":"2020-04-29T15:08:25","modified_gmt":"2020-04-29T18:08:25","slug":"governador-joao-azevedo-descarta-abertura-de-comercio-e-escolas-e-anuncia-ajustes-em-novo-decreto","status":"publish","type":"post","link":"https:\/\/www.caririemacao.com\/1\/2020\/04\/29\/governador-joao-azevedo-descarta-abertura-de-comercio-e-escolas-e-anuncia-ajustes-em-novo-decreto\/","title":{"rendered":"Governador Jo\u00e3o Azev\u00eado descarta abertura de com\u00e9rcio e escolas e anuncia ajustes em novo decreto"},"content":{"rendered":"\n<p>O governador do Estado, Jo\u00e3o Azev\u00eado, descartou, nesta quarta-feira (29), a abertura do com\u00e9rcio e das escolas na Para\u00edba. Ainda conforme o gestor, um novo decreto vai ser publicado nos pr\u00f3ximos dias, com ajustes para melhorar as condi\u00e7\u00f5es para a popula\u00e7\u00e3o.<\/p>\n\n\n\n<p>De acordo com o gestor, a abertura de com\u00e9rcio, escola e reparti\u00e7\u00f5es p\u00fablicas s\u00f3 vai acontecer baseada em n\u00fameros. \u201cN\u00e3o temos previs\u00e3o de abertura geral\u201d, ressaltou Jo\u00e3o, em entrevista \u00e0 TV Cabo Branco, que acredita que o funcionamento de alguns setores possa acontecer, de acordo com a necessidade.<\/p>\n\n\n\n<p>O setor de limpeza de piscinas pode ser um dos que voltem a funcionar, conforme adianta o governador. Para ele, piscinas sujas podem potencializar ser focos de dengue e potencializar a doen\u00e7a, o que geraria outra demanda para os hospitais da Para\u00edba.<\/p>\n\n\n\n<p>As escolas tamb\u00e9m n\u00e3o devem voltar a abrir por enquanto no estado. O governador citou a que atividades acad\u00eamicas t\u00eam sido feitas de forma online pelas escolas p\u00fablicas do estado, o que deve continuar nas pr\u00f3ximas semanas.<\/p>\n\n\n\n<p><em>Portal T5<\/em><\/p>\n","protected":false},"excerpt":{"rendered":"<p>O governador do Estado, Jo\u00e3o Azev\u00eado, descartou, nesta quarta-feira (29), a abertura do com\u00e9rcio e das escolas na Para\u00edba. Ainda conforme o gestor, um novo&hellip; <\/p>\n","protected":false},"author":2,"featured_media":165510,"comment_status":"closed","ping_status":"closed","sticky":false,"template":"","format":"standard","meta":{"sfsi_plus_gutenberg_text_before_share":"","sfsi_plus_gutenberg_show_text_before_share":"","sfsi_plus_gutenberg_icon_type":"","sfsi_plus_gutenberg_icon_alignemt":"","sfsi_plus_gutenburg_max_per_row":"","footnotes":""},"categories":[11],"tags":[],"class_list":["post-166613","post","type-post","status-publish","format-standard","has-post-thumbnail","hentry","category-politica"],"_links":{"self":[{"href":"https:\/\/www.caririemacao.com\/1\/wp-json\/wp\/v2\/posts\/166613","targetHints":{"allow":["GET"]}}],"collection":[{"href":"https:\/\/www.caririemacao.com\/1\/wp-json\/wp\/v2\/posts"}],"about":[{"href":"https:\/\/www.caririemacao.com\/1\/wp-json\/wp\/v2\/types\/post"}],"author":[{"embeddable":true,"href":"https:\/\/www.caririemacao.com\/1\/wp-json\/wp\/v2\/users\/2"}],"replies":[{"embeddable":true,"href":"https:\/\/www.caririemacao.com\/1\/wp-json\/wp\/v2\/comments?post=166613"}],"version-history":[{"count":1,"href":"https:\/\/www.caririemacao.com\/1\/wp-json\/wp\/v2\/posts\/166613\/revisions"}],"predecessor-version":[{"id":166616,"href":"https:\/\/www.caririemacao.com\/1\/wp-json\/wp\/v2\/posts\/166613\/revisions\/166616"}],"wp:featuredmedia":[{"embeddable":true,"href":"https:\/\/www.caririemacao.com\/1\/wp-json\/wp\/v2\/media\/165510"}],"wp:attachment":[{"href":"https:\/\/www.caririemacao.com\/1\/wp-json\/wp\/v2\/media?parent=166613"}],"wp:term":[{"taxonomy":"category","embeddable":true,"href":"https:\/\/www.caririemacao.com\/1\/wp-json\/wp\/v2\/categories?post=166613"},{"taxonomy":"post_tag","embeddable":true,"href":"https:\/\/www.caririemacao.com\/1\/wp-json\/wp\/v2\/tags?post=166613"}],"curies":[{"name":"wp","href":"https:\/\/api.w.org\/{rel}","templated":true}]}}