{"id":166619,"date":"2020-04-29T15:14:13","date_gmt":"2020-04-29T18:14:13","guid":{"rendered":"https:\/\/www.caririemacao.com\/1\/?p=166619"},"modified":"2020-04-29T15:14:13","modified_gmt":"2020-04-29T18:14:13","slug":"bolsonaro-diz-que-cobranca-sobre-mortes-por-coronavirus-precisa-ser-feita-a-governadores-e-prefeitos","status":"publish","type":"post","link":"https:\/\/www.caririemacao.com\/1\/2020\/04\/29\/bolsonaro-diz-que-cobranca-sobre-mortes-por-coronavirus-precisa-ser-feita-a-governadores-e-prefeitos\/","title":{"rendered":"Bolsonaro diz que cobran\u00e7a sobre mortes por coronav\u00edrus precisa ser feita a governadores e prefeitos"},"content":{"rendered":"\n<p>O presidente Jair Bolsonaro afirmou nesta quarta-feira (29) que a cobran\u00e7a sobre as mortes provocadas pelo novo coronav\u00edrus no Brasil deve ser feita a governadores e prefeitos que adotaram medidas de isolamento para tentar conter o cont\u00e1gio pela covid-19.<\/p>\n\n\n\n<p>Bolsonaro tamb\u00e9m afirmou que os pa\u00edses que&nbsp;adotaram o chamado isolamento horizontal, mais abrangente e que n\u00e3o inclui apenas pessoas que t\u00eam mais risco de desenvolver complica\u00e7\u00f5es pela doen\u00e7a, registram maior n\u00famero de mortes por coronav\u00edrus, o que contradiz os dados divulgados.<\/p>\n\n\n\n<p>Bolsonaro deu as declara\u00e7\u00f5es na sa\u00edda da resid\u00eancia oficial do Pal\u00e1cio da Alvorada um dia ap\u00f3s receber duras cr\u00edticas por&nbsp;ter respondido \u201ce da\u00ed?\u201d&nbsp;ao ser perguntado por jornalistas sobre o fato de o n\u00famero de mortes por covid-19 no Brasil ter&nbsp;superado o registrado na China, onde a doen\u00e7a surgiu.<\/p>\n\n\n\n<p>\u201cO Supremo decidiu que quem decide essas quest\u00f5es [de combate ao coronav\u00edrus] s\u00e3o governadores e prefeitos. Ent\u00e3o, cobrem deles. A minha opini\u00e3o n\u00e3o vale. O que vale s\u00e3o os decretos dos governadores e prefeitos\u201d, afirmou Bolsonaro nesta quarta, ao lado de deputados aliados e diante de apoiadores.<\/p>\n\n\n\n<p>A decis\u00e3o do Supremo Tribunal Federal (STF) a que Bolsonaro se refere foi tomada no in\u00edcio de abril pelo ministro Alexandre de Moraes e&nbsp;determinou que o governo federal n\u00e3o pode derrubar decis\u00f5es de estados e munic\u00edpios&nbsp;sobre isolamento social, quarentena, atividades de ensino, restri\u00e7\u00f5es ao com\u00e9rcio e \u00e0 circula\u00e7\u00e3o de pessoas, adotadas durante a pandemia do novo coronav\u00edrus.<\/p>\n\n\n\n<p>No julgamento, Moraes afirmou que a coordena\u00e7\u00e3o das medidas compete ao governo federal, mas, a partir de crit\u00e9rios t\u00e9cnicos, estados e munic\u00edpios, dentro de seus espa\u00e7os normativos, podem fixar regras de distanciamento social, suspens\u00e3o de atividade escolar e cultura, e de circula\u00e7\u00e3o de pessoas.<\/p>\n\n\n\n<p>A decis\u00e3o foi tomada em meio ao crescimento do embate entre Bolsonaro,&nbsp;que \u00e9 contra medidas de isolamento mais abrangentes, e governadores, que s\u00e3o favor\u00e1veis a essas a\u00e7\u00f5es, adotadas por orienta\u00e7\u00e3o da Organiza\u00e7\u00e3o Mundial da Sa\u00fade (OMS).<\/p>\n\n\n\n<p><em>G1<\/em><\/p>\n","protected":false},"excerpt":{"rendered":"<p>O presidente Jair Bolsonaro afirmou nesta quarta-feira (29) que a cobran\u00e7a sobre as mortes provocadas pelo novo coronav\u00edrus no Brasil deve ser feita a governadores&hellip; <\/p>\n","protected":false},"author":2,"featured_media":165687,"comment_status":"closed","ping_status":"closed","sticky":false,"template":"","format":"standard","meta":{"sfsi_plus_gutenberg_text_before_share":"","sfsi_plus_gutenberg_show_text_before_share":"","sfsi_plus_gutenberg_icon_type":"","sfsi_plus_gutenberg_icon_alignemt":"","sfsi_plus_gutenburg_max_per_row":"","footnotes":""},"categories":[11],"tags":[],"class_list":["post-166619","post","type-post","status-publish","format-standard","has-post-thumbnail","hentry","category-politica"],"_links":{"self":[{"href":"https:\/\/www.caririemacao.com\/1\/wp-json\/wp\/v2\/posts\/166619","targetHints":{"allow":["GET"]}}],"collection":[{"href":"https:\/\/www.caririemacao.com\/1\/wp-json\/wp\/v2\/posts"}],"about":[{"href":"https:\/\/www.caririemacao.com\/1\/wp-json\/wp\/v2\/types\/post"}],"author":[{"embeddable":true,"href":"https:\/\/www.caririemacao.com\/1\/wp-json\/wp\/v2\/users\/2"}],"replies":[{"embeddable":true,"href":"https:\/\/www.caririemacao.com\/1\/wp-json\/wp\/v2\/comments?post=166619"}],"version-history":[{"count":1,"href":"https:\/\/www.caririemacao.com\/1\/wp-json\/wp\/v2\/posts\/166619\/revisions"}],"predecessor-version":[{"id":166620,"href":"https:\/\/www.caririemacao.com\/1\/wp-json\/wp\/v2\/posts\/166619\/revisions\/166620"}],"wp:featuredmedia":[{"embeddable":true,"href":"https:\/\/www.caririemacao.com\/1\/wp-json\/wp\/v2\/media\/165687"}],"wp:attachment":[{"href":"https:\/\/www.caririemacao.com\/1\/wp-json\/wp\/v2\/media?parent=166619"}],"wp:term":[{"taxonomy":"category","embeddable":true,"href":"https:\/\/www.caririemacao.com\/1\/wp-json\/wp\/v2\/categories?post=166619"},{"taxonomy":"post_tag","embeddable":true,"href":"https:\/\/www.caririemacao.com\/1\/wp-json\/wp\/v2\/tags?post=166619"}],"curies":[{"name":"wp","href":"https:\/\/api.w.org\/{rel}","templated":true}]}}